{"id":5775,"date":"2026-03-23T23:40:50","date_gmt":"2026-03-23T22:40:50","guid":{"rendered":"https:\/\/cbrell.de\/blog\/?p=5775"},"modified":"2026-03-29T09:31:09","modified_gmt":"2026-03-29T07:31:09","slug":"bienen-in-mini-plus-von-6er-styro-auf-12er-holz-umwohnen-im-maerz","status":"publish","type":"post","link":"https:\/\/cbrell.de\/blog\/bienen-in-mini-plus-von-6er-styro-auf-12er-holz-umwohnen-im-maerz\/","title":{"rendered":"Bienen in Mini Plus von 6er Styro auf 12er Holz umwohnen im M\u00e4rz"},"content":{"rendered":"<p><a href=\"https:\/\/youtu.be\/pn9k9U9THmo\" target=\"_blank\" rel=\"noopener\">YouTube Video zu Mini Plus von Styro in Holz Umwohnen zur Tag- und Nachtgleiche: https:\/\/youtu.be\/pn9k9U9THmo<\/a><\/p>\n<p><em>Neue Ableger lassen sich gut im Mini Plus Beutensystem bilden. Dazu sind die kleinen Styropor-Beuten f\u00fcr 6 R\u00e4hmchen je Zarge praktisch, die V\u00f6lkchen in Mini Plus lassen sich leicht transportieren und umstellen. Mit einer zweiten Zarge auf 12 R\u00e4hmchen erweitert, \u00fcberwintern die Bienen gut und man kann im Fr\u00fchjahr entscheiden, was man mit dem V\u00f6lkchen vorhat. Soll das V\u00f6lkchen nun weiter gef\u00fchrt werden, ist das zwar im Mini Plus Styroporsystem m\u00f6glich, allerdings steigt der Zargenstapel leicht auf vier oder gar mehr Zargen an, dann werden Durchsichten m\u00fchsam. Bequemer geht es dann mit 12 R\u00e4hmchen in einer Ebene. Zur Tag- und Nachtgleiche am 22. M\u00e4rz eines Jahres ist dazu ein guter Zeitpunkt. Je nach Gr\u00fcnlandtemperatursumme oder dem phonologischem Kalender kann eine Umwohnen auch 8 Tage fr\u00fcher oder sp\u00e4ter sinnvoll sein.<\/em><\/p>\n<p><em>Das <strong>Titelbild<\/strong> zeigt den Zustand am Bienenstand vor dem Umwohnen. Zu sehen sind links eine schon belegte Holzbeute, daneben eine neu vorbereitetet Holzbeute und rechts zwei Mini Plus V\u00f6lkchen in Styropor, die darin zweizargig \u00fcberwintert haben..<\/em><\/p>\n<p>Erstellt: 23.03.2026<br \/>\nUPDATE 24.03.2026 Schemazeichnung erg\u00e4nzt.<br \/>\nUPDATE 29.03.2026 <a href=\"https:\/\/youtu.be\/pn9k9U9THmo\" target=\"_blank\" rel=\"noopener\">Video verf\u00fcgbar<\/a><\/p>\n<h2>Analyse zum Zeitpunkt des Umwohnens<\/h2>\n<p>Der 22. M\u00e4rz, also die Tag- und Nachtgleiche, ist zun\u00e4chst ein Plandatum, das in den meisten Jahren sinnvoll sein wird. Ist die <a href=\"https:\/\/cbrell.de\/blog\/gruenlandtemperatursumme-phaenologischer-kalender-und-bienen-bedeutung-der-temperatur-fuer-die-imkerei\/\">Gr\u00fcnlandtemperatursumme<\/a> der Zeit weit voraus und das V\u00f6lkchen ist schon stark, kann es sinnvoll sein, ein paar Tage fr\u00fcher das W\u00f6lkchen umzuwohnen. Die Gr\u00fcnlandtemperatursumme f\u00fcr den eigenen Standort bestimmt man leicht mit der Internetseite <a href=\"https:\/\/beelot.de\">https:\/\/beelot.de<\/a>. In Willich am Niederrhein betrug die Temperatursumme am 22.03.2026 363 Gradtage, damit wird zum 23.03. bereits die Kirschbl\u00fcte erwartet, ebenso zeigt die Mirabell schon die ersten Bl\u00fctenans\u00e4tze. Die Bienen tragen flei\u00dfig Pollen ein, damit schafft das Umwohnen auch die Voraussetzung, einen Honigraum aufzusetzen und dem wachsenden Volk Platz zu geben.<\/p>\n<p>In 2026 wiesen die Beobachter im ph\u00e4nologischen Kalender den Erstfr\u00fchling aus. Was das f\u00fcr die Imkerei hei\u00dft, kann man im <a href=\"https:\/\/cbrell.de\/blog\/phaenologisch-imkern-im-erstfruehling\/\">Beitrag zum Imkern im Erstfr\u00fchling<\/a> nachlesen.<\/p>\n<h2>Analyse f\u00fcr die Entscheidung \u00fcber das Mini Plus V\u00f6lkchen<\/h2>\n<p>Wenn die Bienen in zwei Mini Plus Styroporzargen \u00a0weniger als f\u00fcnf Wabengassen besetzten, kann man das V\u00f6lkchen vielleicht durchs Jahr p\u00e4ppeln, aber es wird Arbeit und wenig Freude machen. Dann ist es ggf. sinnvoller, das V\u00f6lkchen aufzul\u00f6sen.<\/p>\n<h2>Vorbereitungen zum Umwohnen<\/h2>\n<p><strong>Material:<\/strong> Man ben\u00f6tigt eine saubere Mini Plus Holzzarge f\u00fcr 12 R\u00e4hmchen und einen passenden Boden. Oft hei\u00dft diese Kombination &#8222;2-in-1-System&#8220; und wird f\u00fcr zwei Ableger verwendet. Ebenso gibt es das Mini-Plus-\u00dcberwinterungssystem, das wie eine kleine Trogbeute aussieht und bei der Boden und Brutzarge zusammen gefertigt sind. In beiden l\u00e4sst sich gut arbeiten, getrennter Boden und Zarge ist leichter zu reinigen und man ist etwas flexibler. Eine Folie, ein Innendeckel und ein Au\u00dfendeckel komplettiert die neue Bienenwohnung.<br class=\"yoast-text-mark\" \/>&gt;Im Weiteren wird davon ausgegangen, dass Wabenhygiene schon durchgef\u00fchrt wurde, Ansonsten kann es sinnvoll sein, ein bis drei Mittelw\u00e4nde parat zu haben.<\/p>\n<p><strong>Kleines Umstellen:<\/strong> Wenn man kann, sollte die Styro-Beute nun um 30 bis 50 cm verschoben werden, die neue Holzbeute kommt an die alte Stelle der Styro-Beute. Damit finden heimkehrende Sammlerinnen gleich ihre neues Zuhause; sie suchen zun\u00e4chst an dem Ort, von dem sie abgeflogen sind.<\/p>\n<p><strong>Fluglochkeile:<\/strong> Die neue Wohnung erh\u00e4lt nun einen Fluglochkeit mit einer gr\u00f6\u00dferen \u00d6ffnung. Wer Fluglochkeile nicht mag, kann ihn auch weglassen. Die Anti-Velutina-Fluglocheinengung, die das V\u00f6lkchen im Winter auch gegen M\u00e4use gesch\u00fctzt hat, wird nun frei und kann gereinigt werden.<\/p>\n<p><strong>Rauch geben:<\/strong> Da das Brutnest eine neue Anordnung findet und die Bienen sich dabei kr\u00e4ftig aufregen, l\u00e4sst sich mit einer Rauchgabe entspannter arbeiten.<\/p>\n<h2>Umwohnen durchf\u00fchren<\/h2>\n<h3>Schematische Darstellung<\/h3>\n<p><a href=\"https:\/\/cbrell.de\/blog\/wp-content\/uploads\/2026\/03\/Schemazeichnung-Mini-Plus-umwohnen-Claus-Brell-260324.png\"><img decoding=\"async\" class=\"alignnone size-full wp-image-5787\" src=\"https:\/\/cbrell.de\/blog\/wp-content\/uploads\/2026\/03\/Schemazeichnung-Mini-Plus-umwohnen-Claus-Brell-260324.png\" alt=\"Die Grafik zeigt schematisch, wie Bienen in Mini Plus von 6er Styro auf 12er Holz umgewohnt werden\" width=\"1017\" height=\"492\" srcset=\"https:\/\/cbrell.de\/blog\/wp-content\/uploads\/2026\/03\/Schemazeichnung-Mini-Plus-umwohnen-Claus-Brell-260324.png 1017w, https:\/\/cbrell.de\/blog\/wp-content\/uploads\/2026\/03\/Schemazeichnung-Mini-Plus-umwohnen-Claus-Brell-260324-300x145.png 300w, https:\/\/cbrell.de\/blog\/wp-content\/uploads\/2026\/03\/Schemazeichnung-Mini-Plus-umwohnen-Claus-Brell-260324-768x372.png 768w\" sizes=\"(max-width: 1017px) 100vw, 1017px\" \/><\/a><\/p>\n<p><em>Abb. 1: Schemazeichnung f\u00fcr das Umwohnen von Honigbienen im Mini-Plus Beutensystem von Styroporzargen mit jeweils 6 R\u00e4hmchen \u00a0auf Holzzargen mit 12 R\u00e4hmchen. Links in der Zeichnung (1) ist eine Styropor Beute mit zwei Zargen dargestellt, rechts (2) eine Beute mit einer Zarge, die 12 R\u00e4hmchen aufnimmt. Das Flugloch (3), hier schwarz, f\u00fchrt jeweils unten rechts nach au\u00dfen. Beispielhaft wird in der Zeichnung angenommen, dass das Bienenvolk auf 6 Brutwaben sitzt, zwei Pollenwaben fluglochnah \u00fcbereinander hat, und \u00fcber einen Futtervorrat von drei teilweise gef\u00fcllten Waben fluglochfern verf\u00fcgt. Die \u00fcbereinander liegenden Waben werden umsortiert: Die Pollenwaben kommen nach vorn zum Flugloch (8), Danach werden die Brutwaben aus der unteren Zarge angeordnet (7), dahinter die Brutwaben aus der oberen 6er Zarge (6). Eine dunkle, ehemals bebr\u00fctete aber jetzt leer Wabe wird entnommen und durch ein R\u00e4hmchen mit \u00a0Mittelwand ersetzt (5). Alle Futterwaben finden ihren Platz hinten in der Beute, also fluglochfern. Sowohl bei Futter- als auch Pollenwaben finden die volleren Waben ihren Platz au\u00dfen. Dadurch k\u00f6nnen die Bienen die brutnestnahen Waben schneller f\u00fcr den ansteigenden Brutbetrieb nutzen.<\/em><\/p>\n<h4>english description<\/h4>\n<p><em>Fig. 1: Schematic diagram showing the relocation of honeybees from the Mini-Plus hive system, consisting of polystyrene boxes each holding 6 frames, to wooden boxes holding 12 frames. On the left of the diagram (1) is a polystyrene hive with two boxes; on the right (2) is a hive with a single box that holds 12 frames. The flight hole (3), shown here in black, leads outwards at the bottom right. As an example, the diagram assumes that the bee colony is situated on 6 brood combs, with two pollen combs positioned one above the other near the flight hole.The superimposed combs are rearranged: the pollen combs are moved to the front, near the flight hole (8). The bees have a food supply consisting of three partially filled combs (4) opposite the entrance. Next, the brood combs from the lower super are arranged (7), followed by the brood combs from the upper 6-frame super (6). A dark, formerly brood-filled but now empty comb is removed and replaced with a frame containing foundation (5). All honeycombs are arranged away from the flight hole. Both honeycombs and pollen combs are arranged so that the fuller combs are placed on the outside. This allows the bees to make use of the combs closest to the brood nest more quickly as brood rearing increases.<br \/>\n<\/em><\/p>\n<h3>Auf K\u00f6nigin achtgeben<\/h3>\n<p>Beim folgenden Umsetzen kann man gleich nach der K\u00f6nigin schauen. Ist sie noch nicht gezeichnet, erh\u00e4lt sie gleich einen Farbtupfer in der Vorjahresfarbe. Ist die K\u00f6nigin nicht zu finden, so sollten die R\u00e4hmchen besonders umsichtig umgesetzt werden, damit die K\u00f6nigin nicht herunterf\u00e4llt.<\/p>\n<h3>Obere Styro-Zarge umsetzen<\/h3>\n<p>Zun\u00e4chst werden <strong>Futterwaben<\/strong> vom Rand aus der Styeo-Beute herausgenommen und mit den aufsitzenden Bienen hinten, also fluglochfern, in die Holz-Beute umgesetzt. Finden man eine stark mit Pollen gef\u00fcllte Wabe, kommt diese nach vorn zum Flugloch. <strong>Brutwaben<\/strong> kommen nun in die Mitte der Holzzarge m\u00f6glich so, dass sie in der gleichen Reihenfolge wie vorher angeordnet sind. Dann passen alle Abst\u00e4nde &#8211; der beespace &#8211; und es werden keine Bienen gequetscht. Zudem bleiben die Bienen dann ruhiger.<\/p>\n<p>Wenn alle 6 R\u00e4hmchen umgesetzt sind, wird die obere Styro-Zarge \u00fcber der Holz-Zarge abgeklopft, verbleibende Bienen mit dem Besen in die Holzzarge gekehrt. Die Styro-Zarge leger man dann m\u00f6glichst ein paar Meter beiseite, um sie sp\u00e4ter einfacher bienenfrei vom Stand transportieren zu k\u00f6nnen.<\/p>\n<p><a href=\"https:\/\/cbrell.de\/blog\/wp-content\/uploads\/2026\/03\/Mini-Plus-umwohnen-Zwischenstand-2603.jpg\"><img decoding=\"async\" class=\"alignnone size-full wp-image-5783\" src=\"https:\/\/cbrell.de\/blog\/wp-content\/uploads\/2026\/03\/Mini-Plus-umwohnen-Zwischenstand-2603.jpg\" alt=\"\" width=\"1024\" height=\"576\" srcset=\"https:\/\/cbrell.de\/blog\/wp-content\/uploads\/2026\/03\/Mini-Plus-umwohnen-Zwischenstand-2603.jpg 1024w, https:\/\/cbrell.de\/blog\/wp-content\/uploads\/2026\/03\/Mini-Plus-umwohnen-Zwischenstand-2603-300x169.jpg 300w, https:\/\/cbrell.de\/blog\/wp-content\/uploads\/2026\/03\/Mini-Plus-umwohnen-Zwischenstand-2603-768x432.jpg 768w\" sizes=\"(max-width: 1024px) 100vw, 1024px\" \/><\/a><\/p>\n<p><em>Abb. 2: Ein Zwischenstand des Umwohn-Vorgangs &#8211; die R\u00e4hmchen aus einer der beiden Styroporbeuten sind bereits in der Holzbeute. Vorne am Flugloch sind zwei Pollenwaben angeordnet, dann folgen sechst R\u00e4hmchen mit beidseitiger Brut, dann Futterwaben, von denen allerdings nur die hinterste noch gut gef\u00fcllt ist. Wabenhygiene ist bereits fr\u00fcher erfolgt, so dass die Bienen keine neue Mittelwand ausbauen m\u00fcssen. So k\u00f6nnen die Bienen das Brutnest nun nach ihren Vorstellungen erweitern.<\/em><\/p>\n<h3>Untere Styro-Zarge umsetzen<\/h3>\n<p>Auch hier gelangen &#8211; falls vorhanden &#8211; Futterwaben nach hinten in die Holzbeute. Pollenwaben kommen nach vorne zum Flugloch. Sollte es noch leere, ehemals stark bebr\u00fctetet Waben geben, so k\u00f6nnen diese entnommen und durch Mittelw\u00e4nde ersetzt werden. Die Mittelw\u00e4nde geh\u00f6ren dann zwischen Futterwaben und Brutwaben. Die Brutwaben aus der unteren Zarge kommen nun zwischen. die Pollenwaben und die schon umgesetzten Brutwaben. Auch hier sollte die Reihenfolge beibehalten werden. Das Brutnest hat nun nur eine unsch\u00f6ne Wabengasse, die sich die Bienen neu einrichten m\u00fcssen.<\/p>\n<p>Die Futterwaben sind am Ende so sortiert, dass die am besten gef\u00fcllten au\u00dfen hinten sind. Gibt es zwei Pollenwaben, so kommt auch hier die st\u00e4rkere nach vorne zum Flugloch, also nach au\u00dfen. Gibt es mehr als zwei Pollenwaben, k\u00f6nnten alle mehr als zwei durch Mittelw\u00e4nde ersetzt werden. Diese Mittelw\u00e4nde kommen ebenfalls nach hinten zwischen Brut und Futter.<\/p>\n<p><a href=\"https:\/\/cbrell.de\/blog\/wp-content\/uploads\/2026\/03\/Mini-Plus-umwohnen-Zustand-nachher-2603.jpg\"><img decoding=\"async\" class=\"alignnone size-full wp-image-5782\" src=\"https:\/\/cbrell.de\/blog\/wp-content\/uploads\/2026\/03\/Mini-Plus-umwohnen-Zustand-nachher-2603.jpg\" alt=\"Bienen in 12er Mini Plus einzargig\" width=\"1024\" height=\"576\" srcset=\"https:\/\/cbrell.de\/blog\/wp-content\/uploads\/2026\/03\/Mini-Plus-umwohnen-Zustand-nachher-2603.jpg 1024w, https:\/\/cbrell.de\/blog\/wp-content\/uploads\/2026\/03\/Mini-Plus-umwohnen-Zustand-nachher-2603-300x169.jpg 300w, https:\/\/cbrell.de\/blog\/wp-content\/uploads\/2026\/03\/Mini-Plus-umwohnen-Zustand-nachher-2603-768x432.jpg 768w\" sizes=\"(max-width: 1024px) 100vw, 1024px\" \/><\/a><\/p>\n<p>Abb. 3: Zustand am Stand nach dem Umwohnen. Rechts im Bild &#8211; mit den &#8222;Hausnummern&#8220; 4 und 5 (seniorenfreundliche Gr\u00f6\u00dfe, aus dem 3D-Drucker) sind die umgewohnten Holzbeuten zu sehen. Die Fluglocheinengung links in Beute mit der Nummer 3 muss noch ihren Platz gegen einen Fluglochkeil mit gr\u00f6\u00dferer \u00d6ffnung r\u00e4umen.<\/p>\n<h3>Abschluss<\/h3>\n<h4>Beute schlie\u00dfen<\/h4>\n<p>Im Normalfalle sollte das Umsetzen nur wenige Minuten dauern. Es kommt noch Folie, Innendeckel und Au\u00dfendeckel auf die Beute, Die Bienen brauchen nun etwas Zeit, um sich an die neue Konfiguration zu gew\u00f6hnen. In einem weiteren Beitrag ist beschrieben, wie man beim gleichen Standbesuch um die Tag- und Nachtgleich den Honigraum aufsetzt. Die Bienen sollte vor dem Aufsetzen des Honigraums eine halbe Stunde Zeit haben, sich zu beruhigen &#8211; dann bed\u00fcrfen sie f\u00fcr das Aufsetzen nicht einmal des Rauchs.<\/p>\n<h4>Mikroklima<\/h4>\n<p>In der kleinen Wartezeit kann man den Flugbetrieb studieren. Dabei l\u00e4sst sich erleben wie schnell sich die Bienen nach so einem Eingriff wieder beruhigen. Allerdings sollte man sich auch nicht t\u00e4uschen lassen: Sch\u00e4tzungen gehen davon aus, dass die Bienen bis zu einem Tage ben\u00f6tigen, bis sie ihr Mikroklima in der Beute wieder hergestellt haben. Die Styroporbeute ist nun bereit f\u00fcr den Abtransport vom Stand. Sie erf\u00e4hrt eine Reinigung und ist dann bereit \u00a0f\u00fcr neue Ableger.<\/p>\n<p><a href=\"https:\/\/cbrell.de\/blog\/wp-content\/uploads\/2026\/03\/Mini-Plus-umwohnen-Styro-bereit-zum-Abtransport-2603.jpg\"><img decoding=\"async\" class=\"alignnone size-full wp-image-5784\" src=\"https:\/\/cbrell.de\/blog\/wp-content\/uploads\/2026\/03\/Mini-Plus-umwohnen-Styro-bereit-zum-Abtransport-2603.jpg\" alt=\"Das Bild zeigt Mini Plus Zargen, bunt angemalt\" width=\"1024\" height=\"576\" srcset=\"https:\/\/cbrell.de\/blog\/wp-content\/uploads\/2026\/03\/Mini-Plus-umwohnen-Styro-bereit-zum-Abtransport-2603.jpg 1024w, https:\/\/cbrell.de\/blog\/wp-content\/uploads\/2026\/03\/Mini-Plus-umwohnen-Styro-bereit-zum-Abtransport-2603-300x169.jpg 300w, https:\/\/cbrell.de\/blog\/wp-content\/uploads\/2026\/03\/Mini-Plus-umwohnen-Styro-bereit-zum-Abtransport-2603-768x432.jpg 768w\" sizes=\"(max-width: 1024px) 100vw, 1024px\" \/><\/a><\/p>\n<p>Abb. 4: Die Styroporbeuten sind bereit f\u00fcr den Abtransport. Die Dokumentation erfolgt in ein gebundenes DIN A 5 Heft, hier im schwarzen Einband. Die Wasserwaage offenbart, ob die Bienen waagerecht stehen. Tun sie das nicht, ist die Wahrscheinlichkeit f\u00fcr Wirrbau gr\u00f6\u00dfer.<\/p>\n<p>Dieser Beitrag ist Teil der <a href=\"https:\/\/cbrell.de\/blog\/imkern-in-mini-plus-uebersicht-der-beitraege-von-claus-brell\/\">Sammlung zum &#8222;Erlebnisorientiert Imkern in Mini Plus&#8220;.<\/a><\/p>\n<h2>Dank<\/h2>\n<p>Ich danke den Imkerkolleginnen und -kollegen in den Vereinen <a href=\"https:\/\/imker-viersen.de\">Imkerverein Viersen Stadt<\/a> (80 Mitglieder) und <a href=\"https:\/\/www.imkerverein-krefeld.de\">Imkerverein Krefeld<\/a> (130 Mitglieder) sowie dem Vorsitzenden des <a href=\"https:\/\/kivkv.de\">Kreisimkerverbandes Viersen<\/a> f\u00fcr die stete Diskussionsbereitschaft und konstruktive Kritik.<\/p>\n<h3>Autor und Lizenz<\/h3>\n<p>Prof. Dr. Claus Brell<\/p>\n<p>Bienensachverst\u00e4ndiger NRW<\/p>\n<p>Wespen- und Hornissenberater<\/p>\n<p>Obmann f\u00fcr neue imkerliche Betriebsweisen im Kreisverband Viersen<\/p>\n<p>aktuelle Projekte: \u00a0<a href=\"http:\/\/bieneviernull.de\/\">Biene40<\/a>,<a href=\"https:\/\/clabremo.de\/steel4bees\">Steel4Bees<\/a><\/p>\n<p>CC BY\u00a0<img decoding=\"async\" src=\"https:\/\/licensebuttons.net\/l\/by\/3.0\/88x31.png\" \/><br \/>\nInhalte des Beitrages k\u00f6nnen Sie entsprechen der Lizenz verwenden. Unter dieser Lizenz ver\u00f6ffentlichte Werke darf jedermann f\u00fcr private, gewerbliche und sonstige Zwecke nutzen ver\u00e4ndern und auch neu ohne CC-Lizenz vermarkten. Als Urheber mache ich keine Rechte geltend. \u00dcber eine namentliche Nennung w\u00fcrde ich mich freuen.<\/p>\n<p>&nbsp;<\/p>\n<p><img decoding=\"async\" src=\"https:\/\/cbrell.de\/zaehler?x=5520\" \/><\/p>\n<div class=\"shariff shariff-align-flex-start shariff-widget-align-flex-start\" data-services=\"facebook\" data-url=\"https%3A%2F%2Fcbrell.de%2Fblog%2Fbienen-in-mini-plus-von-6er-styro-auf-12er-holz-umwohnen-im-maerz%2F\" data-timestamp=\"1774776669\" data-backendurl=\"https:\/\/cbrell.de\/blog\/wp-json\/shariff\/v1\/share_counts?\"><div class=\"ShariffHeadline\">Teile diesen Beitrag.<\/div><ul class=\"shariff-buttons theme-round orientation-horizontal buttonsize-medium\"><li class=\"shariff-button twitter shariff-nocustomcolor\" style=\"background-color:#32bbf5\"><a href=\"https:\/\/twitter.com\/share?url=https%3A%2F%2Fcbrell.de%2Fblog%2Fbienen-in-mini-plus-von-6er-styro-auf-12er-holz-umwohnen-im-maerz%2F&text=Bienen%20in%20Mini%20Plus%20von%206er%20Styro%20auf%2012er%20Holz%20umwohnen%20im%20M%C3%A4rz\" title=\"Bei Twitter teilen\" aria-label=\"Bei Twitter teilen\" role=\"button\" rel=\"noopener nofollow\" class=\"shariff-link\" style=\"; background-color:#55acee; color:#fff\" target=\"_blank\"><span class=\"shariff-icon\" style=\"\"><svg width=\"32px\" height=\"20px\" xmlns=\"http:\/\/www.w3.org\/2000\/svg\" viewBox=\"0 0 30 32\"><path fill=\"#55acee\" d=\"M29.7 6.8q-1.2 1.8-3 3.1 0 0.3 0 0.8 0 2.5-0.7 4.9t-2.2 4.7-3.5 4-4.9 2.8-6.1 1q-5.1 0-9.3-2.7 0.6 0.1 1.5 0.1 4.3 0 7.6-2.6-2-0.1-3.5-1.2t-2.2-3q0.6 0.1 1.1 0.1 0.8 0 1.6-0.2-2.1-0.4-3.5-2.1t-1.4-3.9v-0.1q1.3 0.7 2.8 0.8-1.2-0.8-2-2.2t-0.7-2.9q0-1.7 0.8-3.1 2.3 2.8 5.5 4.5t7 1.9q-0.2-0.7-0.2-1.4 0-2.5 1.8-4.3t4.3-1.8q2.7 0 4.5 1.9 2.1-0.4 3.9-1.5-0.7 2.2-2.7 3.4 1.8-0.2 3.5-0.9z\"\/><\/svg><\/span><\/a><\/li><li class=\"shariff-button facebook shariff-nocustomcolor\" style=\"background-color:#4273c8\"><a href=\"https:\/\/www.facebook.com\/sharer\/sharer.php?u=https%3A%2F%2Fcbrell.de%2Fblog%2Fbienen-in-mini-plus-von-6er-styro-auf-12er-holz-umwohnen-im-maerz%2F\" title=\"Bei Facebook teilen\" aria-label=\"Bei Facebook teilen\" role=\"button\" rel=\"nofollow\" class=\"shariff-link\" style=\"; background-color:#3b5998; color:#fff\" target=\"_blank\"><span class=\"shariff-icon\" style=\"\"><svg width=\"32px\" height=\"20px\" xmlns=\"http:\/\/www.w3.org\/2000\/svg\" viewBox=\"0 0 18 32\"><path fill=\"#3b5998\" d=\"M17.1 0.2v4.7h-2.8q-1.5 0-2.1 0.6t-0.5 1.9v3.4h5.2l-0.7 5.3h-4.5v13.6h-5.5v-13.6h-4.5v-5.3h4.5v-3.9q0-3.3 1.9-5.2t5-1.8q2.6 0 4.1 0.2z\"\/><\/svg><\/span><\/a><\/li><li class=\"shariff-button linkedin shariff-nocustomcolor\" style=\"background-color:#1488bf\"><a href=\"https:\/\/www.linkedin.com\/sharing\/share-offsite\/?url=https%3A%2F%2Fcbrell.de%2Fblog%2Fbienen-in-mini-plus-von-6er-styro-auf-12er-holz-umwohnen-im-maerz%2F\" title=\"Bei LinkedIn teilen\" aria-label=\"Bei LinkedIn teilen\" role=\"button\" rel=\"noopener nofollow\" class=\"shariff-link\" style=\"; background-color:#0077b5; color:#fff\" target=\"_blank\"><span class=\"shariff-icon\" style=\"\"><svg width=\"32px\" height=\"20px\" xmlns=\"http:\/\/www.w3.org\/2000\/svg\" viewBox=\"0 0 27 32\"><path fill=\"#0077b5\" d=\"M6.2 11.2v17.7h-5.9v-17.7h5.9zM6.6 5.7q0 1.3-0.9 2.2t-2.4 0.9h0q-1.5 0-2.4-0.9t-0.9-2.2 0.9-2.2 2.4-0.9 2.4 0.9 0.9 2.2zM27.4 18.7v10.1h-5.9v-9.5q0-1.9-0.7-2.9t-2.3-1.1q-1.1 0-1.9 0.6t-1.2 1.5q-0.2 0.5-0.2 1.4v9.9h-5.9q0-7.1 0-11.6t0-5.3l0-0.9h5.9v2.6h0q0.4-0.6 0.7-1t1-0.9 1.6-0.8 2-0.3q3 0 4.9 2t1.9 6z\"\/><\/svg><\/span><\/a><\/li><\/ul><\/div>","protected":false},"excerpt":{"rendered":"<p>YouTube Video zu Mini Plus von Styro in Holz Umwohnen zur Tag- und Nachtgleiche: https:\/\/youtu.be\/pn9k9U9THmo Neue Ableger lassen sich gut im Mini Plus Beutensystem bilden. Dazu sind die kleinen Styropor-Beuten &#8230;<\/p>\n","protected":false},"author":1,"featured_media":5781,"comment_status":"closed","ping_status":"closed","sticky":false,"template":"","format":"standard","meta":{"footnotes":""},"categories":[1],"tags":[681,183,814,983,344,278,1370,1371,1369,1368],"class_list":["post-5775","post","type-post","status-publish","format-standard","has-post-thumbnail","hentry","category-allgemein","tag-betriebsweise","tag-bienen","tag-fruehling","tag-holz","tag-honigbienen","tag-mini-plus","tag-styro","tag-tag-und-nachtgleiche","tag-umsetzen","tag-umwohnen"],"yoast_head":"<!-- This site is optimized with the Yoast SEO plugin v27.5 - https:\/\/yoast.com\/product\/yoast-seo-wordpress\/ -->\n<title>Bienen in Mini Plus von 6er Styro auf 12er Holz umwohnen im M\u00e4rz - Bienen, Natur und Internet of Things<\/title>\n<meta name=\"description\" content=\"Zur Tag- und Nachtgleiche am 22. M\u00e4rz eines Jahres ist ein guter Zeitpunkt, Bienen von 6er Mini Plus in 12er Mini Plus umzusetzen.\" \/>\n<meta name=\"robots\" content=\"index, follow, max-snippet:-1, max-image-preview:large, max-video-preview:-1\" \/>\n<link rel=\"canonical\" href=\"https:\/\/cbrell.de\/blog\/bienen-in-mini-plus-von-6er-styro-auf-12er-holz-umwohnen-im-maerz\/\" \/>\n<meta property=\"og:locale\" content=\"de_DE\" \/>\n<meta property=\"og:type\" content=\"article\" \/>\n<meta property=\"og:title\" content=\"Bienen in Mini Plus von 6er Styro auf 12er Holz umwohnen im M\u00e4rz - Bienen, Natur und Internet of Things\" \/>\n<meta property=\"og:description\" content=\"Zur Tag- und Nachtgleiche am 22. M\u00e4rz eines Jahres ist ein guter Zeitpunkt, Bienen von 6er Mini Plus in 12er Mini Plus umzusetzen.\" \/>\n<meta property=\"og:url\" content=\"https:\/\/cbrell.de\/blog\/bienen-in-mini-plus-von-6er-styro-auf-12er-holz-umwohnen-im-maerz\/\" \/>\n<meta property=\"og:site_name\" content=\"Bienen, Natur und Internet of Things\" \/>\n<meta property=\"article:published_time\" content=\"2026-03-23T22:40:50+00:00\" \/>\n<meta property=\"article:modified_time\" content=\"2026-03-29T07:31:09+00:00\" \/>\n<meta property=\"og:image\" content=\"https:\/\/cbrell.de\/blog\/wp-content\/uploads\/2026\/03\/Mini-Plus-umwohnen-Zustand-vorher-260319.jpg\" \/>\n\t<meta property=\"og:image:width\" content=\"1024\" \/>\n\t<meta property=\"og:image:height\" content=\"576\" \/>\n\t<meta property=\"og:image:type\" content=\"image\/jpeg\" \/>\n<meta name=\"author\" content=\"Claus Brell\" \/>\n<meta name=\"twitter:card\" content=\"summary_large_image\" \/>\n<meta name=\"twitter:creator\" content=\"@clausbrell5859\" \/>\n<meta name=\"twitter:site\" content=\"@clausbrell\" \/>\n<meta name=\"twitter:label1\" content=\"Verfasst von\" \/>\n\t<meta name=\"twitter:data1\" content=\"Claus Brell\" \/>\n\t<meta name=\"twitter:label2\" content=\"Gesch\u00e4tzte Lesezeit\" \/>\n\t<meta name=\"twitter:data2\" content=\"11\u00a0Minuten\" \/>\n<script type=\"application\/ld+json\" class=\"yoast-schema-graph\">{\"@context\":\"https:\\\/\\\/schema.org\",\"@graph\":[{\"@type\":\"Article\",\"@id\":\"https:\\\/\\\/cbrell.de\\\/blog\\\/bienen-in-mini-plus-von-6er-styro-auf-12er-holz-umwohnen-im-maerz\\\/#article\",\"isPartOf\":{\"@id\":\"https:\\\/\\\/cbrell.de\\\/blog\\\/bienen-in-mini-plus-von-6er-styro-auf-12er-holz-umwohnen-im-maerz\\\/\"},\"author\":{\"name\":\"Claus Brell\",\"@id\":\"https:\\\/\\\/cbrell.de\\\/blog\\\/#\\\/schema\\\/person\\\/7cf529e46faf1fd7b2b6942fec254c58\"},\"headline\":\"Bienen in Mini Plus von 6er Styro auf 12er Holz umwohnen im M\u00e4rz\",\"datePublished\":\"2026-03-23T22:40:50+00:00\",\"dateModified\":\"2026-03-29T07:31:09+00:00\",\"mainEntityOfPage\":{\"@id\":\"https:\\\/\\\/cbrell.de\\\/blog\\\/bienen-in-mini-plus-von-6er-styro-auf-12er-holz-umwohnen-im-maerz\\\/\"},\"wordCount\":1836,\"image\":{\"@id\":\"https:\\\/\\\/cbrell.de\\\/blog\\\/bienen-in-mini-plus-von-6er-styro-auf-12er-holz-umwohnen-im-maerz\\\/#primaryimage\"},\"thumbnailUrl\":\"https:\\\/\\\/cbrell.de\\\/blog\\\/wp-content\\\/uploads\\\/2026\\\/03\\\/Mini-Plus-umwohnen-Zustand-vorher-260319.jpg\",\"keywords\":[\"Betriebsweise\",\"Bienen\",\"Fr\u00fchling\",\"Holz\",\"Honigbienen\",\"Mini-Plus\",\"Styro\",\"Tag- und Nachtgleiche\",\"umsetzen\",\"Umwohnen\"],\"inLanguage\":\"de\"},{\"@type\":\"WebPage\",\"@id\":\"https:\\\/\\\/cbrell.de\\\/blog\\\/bienen-in-mini-plus-von-6er-styro-auf-12er-holz-umwohnen-im-maerz\\\/\",\"url\":\"https:\\\/\\\/cbrell.de\\\/blog\\\/bienen-in-mini-plus-von-6er-styro-auf-12er-holz-umwohnen-im-maerz\\\/\",\"name\":\"Bienen in Mini Plus von 6er Styro auf 12er Holz umwohnen im M\u00e4rz - Bienen, Natur und Internet of Things\",\"isPartOf\":{\"@id\":\"https:\\\/\\\/cbrell.de\\\/blog\\\/#website\"},\"primaryImageOfPage\":{\"@id\":\"https:\\\/\\\/cbrell.de\\\/blog\\\/bienen-in-mini-plus-von-6er-styro-auf-12er-holz-umwohnen-im-maerz\\\/#primaryimage\"},\"image\":{\"@id\":\"https:\\\/\\\/cbrell.de\\\/blog\\\/bienen-in-mini-plus-von-6er-styro-auf-12er-holz-umwohnen-im-maerz\\\/#primaryimage\"},\"thumbnailUrl\":\"https:\\\/\\\/cbrell.de\\\/blog\\\/wp-content\\\/uploads\\\/2026\\\/03\\\/Mini-Plus-umwohnen-Zustand-vorher-260319.jpg\",\"datePublished\":\"2026-03-23T22:40:50+00:00\",\"dateModified\":\"2026-03-29T07:31:09+00:00\",\"author\":{\"@id\":\"https:\\\/\\\/cbrell.de\\\/blog\\\/#\\\/schema\\\/person\\\/7cf529e46faf1fd7b2b6942fec254c58\"},\"description\":\"Zur Tag- und Nachtgleiche am 22. M\u00e4rz eines Jahres ist ein guter Zeitpunkt, Bienen von 6er Mini Plus in 12er Mini Plus umzusetzen.\",\"breadcrumb\":{\"@id\":\"https:\\\/\\\/cbrell.de\\\/blog\\\/bienen-in-mini-plus-von-6er-styro-auf-12er-holz-umwohnen-im-maerz\\\/#breadcrumb\"},\"inLanguage\":\"de\",\"potentialAction\":[{\"@type\":\"ReadAction\",\"target\":[\"https:\\\/\\\/cbrell.de\\\/blog\\\/bienen-in-mini-plus-von-6er-styro-auf-12er-holz-umwohnen-im-maerz\\\/\"]}]},{\"@type\":\"ImageObject\",\"inLanguage\":\"de\",\"@id\":\"https:\\\/\\\/cbrell.de\\\/blog\\\/bienen-in-mini-plus-von-6er-styro-auf-12er-holz-umwohnen-im-maerz\\\/#primaryimage\",\"url\":\"https:\\\/\\\/cbrell.de\\\/blog\\\/wp-content\\\/uploads\\\/2026\\\/03\\\/Mini-Plus-umwohnen-Zustand-vorher-260319.jpg\",\"contentUrl\":\"https:\\\/\\\/cbrell.de\\\/blog\\\/wp-content\\\/uploads\\\/2026\\\/03\\\/Mini-Plus-umwohnen-Zustand-vorher-260319.jpg\",\"width\":1024,\"height\":576,\"caption\":\"Das Bild zeigt Mini Plus Beuten in Styro und Holz\"},{\"@type\":\"BreadcrumbList\",\"@id\":\"https:\\\/\\\/cbrell.de\\\/blog\\\/bienen-in-mini-plus-von-6er-styro-auf-12er-holz-umwohnen-im-maerz\\\/#breadcrumb\",\"itemListElement\":[{\"@type\":\"ListItem\",\"position\":1,\"name\":\"Startseite\",\"item\":\"https:\\\/\\\/cbrell.de\\\/blog\\\/\"},{\"@type\":\"ListItem\",\"position\":2,\"name\":\"Bienen in Mini Plus von 6er Styro auf 12er Holz umwohnen im M\u00e4rz\"}]},{\"@type\":\"WebSite\",\"@id\":\"https:\\\/\\\/cbrell.de\\\/blog\\\/#website\",\"url\":\"https:\\\/\\\/cbrell.de\\\/blog\\\/\",\"name\":\"Bienen, Natur und Internet of Things\",\"description\":\"Alles, was einfach ist. Von Claus Brell\",\"potentialAction\":[{\"@type\":\"SearchAction\",\"target\":{\"@type\":\"EntryPoint\",\"urlTemplate\":\"https:\\\/\\\/cbrell.de\\\/blog\\\/?s={search_term_string}\"},\"query-input\":{\"@type\":\"PropertyValueSpecification\",\"valueRequired\":true,\"valueName\":\"search_term_string\"}}],\"inLanguage\":\"de\"},{\"@type\":\"Person\",\"@id\":\"https:\\\/\\\/cbrell.de\\\/blog\\\/#\\\/schema\\\/person\\\/7cf529e46faf1fd7b2b6942fec254c58\",\"name\":\"Claus Brell\",\"description\":\"Seit 2021 forsche ich an und mit Bienen (Digitalisierung der Imkerei) Seit 2012 Professur f\u00fcr Wirtschaftsinformatik an der Hochschue Niederrhein. Seit 1981 treibt mich die Frage um: Was haben Physik, Heavy Metal und Spiele miteinander zu tun? Drei m\u00f6gliche Antworten: {nichts | 42 | gleiche Hirnareale werden aktiviert}\",\"sameAs\":[\"http:\\\/\\\/claus-brell.de\",\"https:\\\/\\\/x.com\\\/clausbrell5859\",\"https:\\\/\\\/www.youtube.com\\\/@clausbrell5859\"],\"url\":\"https:\\\/\\\/cbrell.de\\\/blog\\\/author\\\/clausb\\\/\"}]}<\/script>\n<!-- \/ Yoast SEO plugin. -->","yoast_head_json":{"title":"Bienen in Mini Plus von 6er Styro auf 12er Holz umwohnen im M\u00e4rz - Bienen, Natur und Internet of Things","description":"Zur Tag- und Nachtgleiche am 22. M\u00e4rz eines Jahres ist ein guter Zeitpunkt, Bienen von 6er Mini Plus in 12er Mini Plus umzusetzen.","robots":{"index":"index","follow":"follow","max-snippet":"max-snippet:-1","max-image-preview":"max-image-preview:large","max-video-preview":"max-video-preview:-1"},"canonical":"https:\/\/cbrell.de\/blog\/bienen-in-mini-plus-von-6er-styro-auf-12er-holz-umwohnen-im-maerz\/","og_locale":"de_DE","og_type":"article","og_title":"Bienen in Mini Plus von 6er Styro auf 12er Holz umwohnen im M\u00e4rz - Bienen, Natur und Internet of Things","og_description":"Zur Tag- und Nachtgleiche am 22. M\u00e4rz eines Jahres ist ein guter Zeitpunkt, Bienen von 6er Mini Plus in 12er Mini Plus umzusetzen.","og_url":"https:\/\/cbrell.de\/blog\/bienen-in-mini-plus-von-6er-styro-auf-12er-holz-umwohnen-im-maerz\/","og_site_name":"Bienen, Natur und Internet of Things","article_published_time":"2026-03-23T22:40:50+00:00","article_modified_time":"2026-03-29T07:31:09+00:00","og_image":[{"width":1024,"height":576,"url":"https:\/\/cbrell.de\/blog\/wp-content\/uploads\/2026\/03\/Mini-Plus-umwohnen-Zustand-vorher-260319.jpg","type":"image\/jpeg"}],"author":"Claus Brell","twitter_card":"summary_large_image","twitter_creator":"@clausbrell5859","twitter_site":"@clausbrell","twitter_misc":{"Verfasst von":"Claus Brell","Gesch\u00e4tzte Lesezeit":"11\u00a0Minuten"},"schema":{"@context":"https:\/\/schema.org","@graph":[{"@type":"Article","@id":"https:\/\/cbrell.de\/blog\/bienen-in-mini-plus-von-6er-styro-auf-12er-holz-umwohnen-im-maerz\/#article","isPartOf":{"@id":"https:\/\/cbrell.de\/blog\/bienen-in-mini-plus-von-6er-styro-auf-12er-holz-umwohnen-im-maerz\/"},"author":{"name":"Claus Brell","@id":"https:\/\/cbrell.de\/blog\/#\/schema\/person\/7cf529e46faf1fd7b2b6942fec254c58"},"headline":"Bienen in Mini Plus von 6er Styro auf 12er Holz umwohnen im M\u00e4rz","datePublished":"2026-03-23T22:40:50+00:00","dateModified":"2026-03-29T07:31:09+00:00","mainEntityOfPage":{"@id":"https:\/\/cbrell.de\/blog\/bienen-in-mini-plus-von-6er-styro-auf-12er-holz-umwohnen-im-maerz\/"},"wordCount":1836,"image":{"@id":"https:\/\/cbrell.de\/blog\/bienen-in-mini-plus-von-6er-styro-auf-12er-holz-umwohnen-im-maerz\/#primaryimage"},"thumbnailUrl":"https:\/\/cbrell.de\/blog\/wp-content\/uploads\/2026\/03\/Mini-Plus-umwohnen-Zustand-vorher-260319.jpg","keywords":["Betriebsweise","Bienen","Fr\u00fchling","Holz","Honigbienen","Mini-Plus","Styro","Tag- und Nachtgleiche","umsetzen","Umwohnen"],"inLanguage":"de"},{"@type":"WebPage","@id":"https:\/\/cbrell.de\/blog\/bienen-in-mini-plus-von-6er-styro-auf-12er-holz-umwohnen-im-maerz\/","url":"https:\/\/cbrell.de\/blog\/bienen-in-mini-plus-von-6er-styro-auf-12er-holz-umwohnen-im-maerz\/","name":"Bienen in Mini Plus von 6er Styro auf 12er Holz umwohnen im M\u00e4rz - Bienen, Natur und Internet of Things","isPartOf":{"@id":"https:\/\/cbrell.de\/blog\/#website"},"primaryImageOfPage":{"@id":"https:\/\/cbrell.de\/blog\/bienen-in-mini-plus-von-6er-styro-auf-12er-holz-umwohnen-im-maerz\/#primaryimage"},"image":{"@id":"https:\/\/cbrell.de\/blog\/bienen-in-mini-plus-von-6er-styro-auf-12er-holz-umwohnen-im-maerz\/#primaryimage"},"thumbnailUrl":"https:\/\/cbrell.de\/blog\/wp-content\/uploads\/2026\/03\/Mini-Plus-umwohnen-Zustand-vorher-260319.jpg","datePublished":"2026-03-23T22:40:50+00:00","dateModified":"2026-03-29T07:31:09+00:00","author":{"@id":"https:\/\/cbrell.de\/blog\/#\/schema\/person\/7cf529e46faf1fd7b2b6942fec254c58"},"description":"Zur Tag- und Nachtgleiche am 22. M\u00e4rz eines Jahres ist ein guter Zeitpunkt, Bienen von 6er Mini Plus in 12er Mini Plus umzusetzen.","breadcrumb":{"@id":"https:\/\/cbrell.de\/blog\/bienen-in-mini-plus-von-6er-styro-auf-12er-holz-umwohnen-im-maerz\/#breadcrumb"},"inLanguage":"de","potentialAction":[{"@type":"ReadAction","target":["https:\/\/cbrell.de\/blog\/bienen-in-mini-plus-von-6er-styro-auf-12er-holz-umwohnen-im-maerz\/"]}]},{"@type":"ImageObject","inLanguage":"de","@id":"https:\/\/cbrell.de\/blog\/bienen-in-mini-plus-von-6er-styro-auf-12er-holz-umwohnen-im-maerz\/#primaryimage","url":"https:\/\/cbrell.de\/blog\/wp-content\/uploads\/2026\/03\/Mini-Plus-umwohnen-Zustand-vorher-260319.jpg","contentUrl":"https:\/\/cbrell.de\/blog\/wp-content\/uploads\/2026\/03\/Mini-Plus-umwohnen-Zustand-vorher-260319.jpg","width":1024,"height":576,"caption":"Das Bild zeigt Mini Plus Beuten in Styro und Holz"},{"@type":"BreadcrumbList","@id":"https:\/\/cbrell.de\/blog\/bienen-in-mini-plus-von-6er-styro-auf-12er-holz-umwohnen-im-maerz\/#breadcrumb","itemListElement":[{"@type":"ListItem","position":1,"name":"Startseite","item":"https:\/\/cbrell.de\/blog\/"},{"@type":"ListItem","position":2,"name":"Bienen in Mini Plus von 6er Styro auf 12er Holz umwohnen im M\u00e4rz"}]},{"@type":"WebSite","@id":"https:\/\/cbrell.de\/blog\/#website","url":"https:\/\/cbrell.de\/blog\/","name":"Bienen, Natur und Internet of Things","description":"Alles, was einfach ist. Von Claus Brell","potentialAction":[{"@type":"SearchAction","target":{"@type":"EntryPoint","urlTemplate":"https:\/\/cbrell.de\/blog\/?s={search_term_string}"},"query-input":{"@type":"PropertyValueSpecification","valueRequired":true,"valueName":"search_term_string"}}],"inLanguage":"de"},{"@type":"Person","@id":"https:\/\/cbrell.de\/blog\/#\/schema\/person\/7cf529e46faf1fd7b2b6942fec254c58","name":"Claus Brell","description":"Seit 2021 forsche ich an und mit Bienen (Digitalisierung der Imkerei) Seit 2012 Professur f\u00fcr Wirtschaftsinformatik an der Hochschue Niederrhein. Seit 1981 treibt mich die Frage um: Was haben Physik, Heavy Metal und Spiele miteinander zu tun? Drei m\u00f6gliche Antworten: {nichts | 42 | gleiche Hirnareale werden aktiviert}","sameAs":["http:\/\/claus-brell.de","https:\/\/x.com\/clausbrell5859","https:\/\/www.youtube.com\/@clausbrell5859"],"url":"https:\/\/cbrell.de\/blog\/author\/clausb\/"}]}},"_links":{"self":[{"href":"https:\/\/cbrell.de\/blog\/wp-json\/wp\/v2\/posts\/5775","targetHints":{"allow":["GET"]}}],"collection":[{"href":"https:\/\/cbrell.de\/blog\/wp-json\/wp\/v2\/posts"}],"about":[{"href":"https:\/\/cbrell.de\/blog\/wp-json\/wp\/v2\/types\/post"}],"author":[{"embeddable":true,"href":"https:\/\/cbrell.de\/blog\/wp-json\/wp\/v2\/users\/1"}],"replies":[{"embeddable":true,"href":"https:\/\/cbrell.de\/blog\/wp-json\/wp\/v2\/comments?post=5775"}],"version-history":[{"count":20,"href":"https:\/\/cbrell.de\/blog\/wp-json\/wp\/v2\/posts\/5775\/revisions"}],"predecessor-version":[{"id":5822,"href":"https:\/\/cbrell.de\/blog\/wp-json\/wp\/v2\/posts\/5775\/revisions\/5822"}],"wp:featuredmedia":[{"embeddable":true,"href":"https:\/\/cbrell.de\/blog\/wp-json\/wp\/v2\/media\/5781"}],"wp:attachment":[{"href":"https:\/\/cbrell.de\/blog\/wp-json\/wp\/v2\/media?parent=5775"}],"wp:term":[{"taxonomy":"category","embeddable":true,"href":"https:\/\/cbrell.de\/blog\/wp-json\/wp\/v2\/categories?post=5775"},{"taxonomy":"post_tag","embeddable":true,"href":"https:\/\/cbrell.de\/blog\/wp-json\/wp\/v2\/tags?post=5775"}],"curies":[{"name":"wp","href":"https:\/\/api.w.org\/{rel}","templated":true}]}}