{"id":4515,"date":"2024-08-22T00:32:41","date_gmt":"2024-08-21T22:32:41","guid":{"rendered":"https:\/\/cbrell.de\/blog\/?p=4515"},"modified":"2024-08-22T00:37:37","modified_gmt":"2024-08-21T22:37:37","slug":"mini-plus-futter-versorgungskonzept-fuer-den-imker-urlaub","status":"publish","type":"post","link":"https:\/\/cbrell.de\/blog\/mini-plus-futter-versorgungskonzept-fuer-den-imker-urlaub\/","title":{"rendered":"Mini Plus Futter-Versorgungskonzept f\u00fcr den Imker-Urlaub"},"content":{"rendered":"<p><em>Wie \u00fcberleben Bienen den Imker-Urlaub? Insbesondere Mini-Plus-V\u00f6lkchen sind im Futterverbrauch etwas volatiler und ben\u00f6tigen st\u00e4ndige Zwendung &#8211; so die Meinung einiger Imkerkollegen. Allerdings m\u00f6chte ich mich von den Bienen nicht von meinen Alpen-Bergtouren abhalten lassen. In den letzten Jahren ist so ein Futter-Versorgungskonzept entstanden, dass eine Abwesenheit auch von mehr als f\u00fcnf Wochen erlaubt und mit dem die Bienen in Mini Plus gut zurecht kommen..<\/em><\/p>\n<p>21.08.2024<\/p>\n<h2>Ausgangslage<\/h2>\n<p>Meine Bienen dienen nicht der Honigbewirtschaftung, sondern nur dem Erkenntnisinteresse (digitales Bienenstockmonitoring) und es soll ihnen gut gehen. Mit Pollen k\u00f6nnen sich die Bienen &#8211; auch Ableger &#8211; im urbanen Raum versorgen. Alle V\u00f6lker haben Mitte Juli eine sehr geringe oder keine Varroalast. Es bleibt, eine Wasserversorgung und eine Kohlehydratversorgung f\u00fcr eine ggf. trockene und\/oder trachtarme Zeit bereitzustellen. Das gelingt mit im Schatten bereit gestellten Wasserk\u00fcbeln, die mit Schwimmpflanzen belebt sind, und eine Futtergabe in Abh\u00e4ngigkeit vom Volkszustand.<\/p>\n<h2>Wasserversorgung<\/h2>\n<p>An jedem Stand ist im Schatten au\u00dferhalb der Flugrichtung ein Wasserk\u00fcbel aufgestellt. Der Wasserk\u00fcbel steht immer dort und wird st\u00e4ndig voll gehalten. Regen sorgt f\u00fcr n\u00e4hrstoffarmes Wasser im K\u00fcbeln so dass sich Wasserlinsen als Verdunstungssperre ansiedeln k\u00f6nnen (Abb. 1).<\/p>\n<p><a href=\"https:\/\/cbrell.de\/blog\/wp-content\/uploads\/2024\/08\/Wasserkuebel-mit-Wasserlinsen-als-Bienentraenke.jpg\"><img decoding=\"async\" class=\"alignnone size-full wp-image-4517\" src=\"https:\/\/cbrell.de\/blog\/wp-content\/uploads\/2024\/08\/Wasserkuebel-mit-Wasserlinsen-als-Bienentraenke.jpg\" alt=\"Bild einer Bienentr\u00e4nke - ein gr\u00f6\u00dferer Baueimer, der im Schatten steht und in dem sich Wasserlinsen angesiedelt haben.\" width=\"1024\" height=\"727\" srcset=\"https:\/\/cbrell.de\/blog\/wp-content\/uploads\/2024\/08\/Wasserkuebel-mit-Wasserlinsen-als-Bienentraenke.jpg 1024w, https:\/\/cbrell.de\/blog\/wp-content\/uploads\/2024\/08\/Wasserkuebel-mit-Wasserlinsen-als-Bienentraenke-300x213.jpg 300w, https:\/\/cbrell.de\/blog\/wp-content\/uploads\/2024\/08\/Wasserkuebel-mit-Wasserlinsen-als-Bienentraenke-768x545.jpg 768w\" sizes=\"(max-width: 1024px) 100vw, 1024px\" \/><\/a><\/p>\n<p>Abb. 1: Wasserk\u00fcbel mit Wasserlinsen<\/p>\n<h2>Zuckerversorgung<\/h2>\n<p>Es hat sich eine dreistufige Versorgung je nach Volkszusatnd bew\u00e4hrt:<\/p>\n<ul>\n<li>Stabile und gut entwickelte Volker mit ordentlichen Futterkr\u00e4nzen z.B. auf zwei Zargen Mini Plus \u00dcberwinterung (22 R\u00e4hmchen) erhalten eine Zweier-Futtertasche mit Kristallzucker, das sind 1,25 kg. Den sind sie in der Lage \u00fcber 4-5 Wochen abzunehmen, da der Zucker immer wieder durch die hohe Luftfeuchtigkeit befeuchtet wird.<\/li>\n<li>Gut entwickelte Ablege mit zwei Mini Plus Brutr\u00e4umen und einem Mini Plus Honigraum \u00fcber Absperrgitter bekommen einen Adam F\u00fctterer mit Zuckerwasser 1:1 entsprechend 2 kg Zucker (Abb. 2)<\/li>\n<li>Kleinere Ableger mit weniger als zwei ausgebauten Brutzargen erhalten in der oberen Zarge eine Zweier-Futtertasche mit Apifonda, das entspricht etwa 1,5 kg Zucker.<\/li>\n<\/ul>\n<p><a href=\"https:\/\/cbrell.de\/blog\/wp-content\/uploads\/2024\/08\/Zwei-Mini-Plus-dreizargig-mit-Adam-Fuetterer.jpg\"><img decoding=\"async\" class=\"alignnone size-full wp-image-4518\" src=\"https:\/\/cbrell.de\/blog\/wp-content\/uploads\/2024\/08\/Zwei-Mini-Plus-dreizargig-mit-Adam-Fuetterer.jpg\" alt=\"Zwei Mini Plus Bienenv\u00f6lker dreifarbig mit Adam F\u00fctterer f\u00fcr die Langzeitversorgung im Urlaub des Imkers.\" width=\"1024\" height=\"576\" srcset=\"https:\/\/cbrell.de\/blog\/wp-content\/uploads\/2024\/08\/Zwei-Mini-Plus-dreizargig-mit-Adam-Fuetterer.jpg 1024w, https:\/\/cbrell.de\/blog\/wp-content\/uploads\/2024\/08\/Zwei-Mini-Plus-dreizargig-mit-Adam-Fuetterer-300x169.jpg 300w, https:\/\/cbrell.de\/blog\/wp-content\/uploads\/2024\/08\/Zwei-Mini-Plus-dreizargig-mit-Adam-Fuetterer-768x432.jpg 768w\" sizes=\"(max-width: 1024px) 100vw, 1024px\" \/><\/a><\/p>\n<p>Abb. 2: Mini Plus V\u00f6lkchen mit zwei Styro-Brutzargen (12 R\u00e4hmchen) und eine Styro-Honigzarge (6 R\u00e4hmchen). Darauf steht der Holz-Adam-F\u00fctterer. Auf den Styropor-Deckeln liegen schwere 30&#215;30 Beton-Gehwegplatten. Das mindert Ger\u00e4usche durch Regen oder landende V\u00f6gel in der Beute. Zudem hat der Specht an Styrobeuten mit den Betonsteinen gef\u00fchlt weniger Interesse<\/p>\n<h2>Quellen und weiterlesen<\/h2>\n<p><a href=\"https:\/\/cbrell.de\/blog\/mini-plus-bienenvoelker-in-der-trachtluecke-fuettern\/\">Mini Plus Bienenv\u00f6lker in der Trachtl\u00fccke f\u00fcttern<\/a><\/p>\n<p><a href=\"https:\/\/cbrell.de\/blog\/imkern-in-mini-plus-uebersicht-der-beitraege-von-claus-brell\/\">Imkern in Mini Plus \u2013 \u00dcbersicht der Beitr\u00e4ge von Claus Brell<\/a><\/p>\n<p>Bayerische Landesanstalt f\u00fcr Weinbau und Gartenbau (o.J.) F\u00fctterung von Bienenv\u00f6lkern. <a href=\"https:\/\/www.lwg.bayern.de\/mam\/cms06\/bienen\/dateien\/fuetterung_.pdf\">https:\/\/www.lwg.bayern.de\/mam\/cms06\/bienen\/dateien\/fuetterung_.pdf<\/a>, abgerufen am 10.09.2021<\/p>\n<p><img decoding=\"async\" src=\"https:\/\/cbrell.de\/zaehler?x=3882\" \/><\/p>\n<p>&nbsp;<\/p>\n<p>&nbsp;<\/p>\n<div class=\"shariff shariff-align-flex-start shariff-widget-align-flex-start\" data-services=\"facebook\" data-url=\"https%3A%2F%2Fcbrell.de%2Fblog%2Fmini-plus-futter-versorgungskonzept-fuer-den-imker-urlaub%2F\" data-timestamp=\"1724287057\" data-backendurl=\"https:\/\/cbrell.de\/blog\/wp-json\/shariff\/v1\/share_counts?\"><div class=\"ShariffHeadline\">Teile diesen Beitrag.<\/div><ul class=\"shariff-buttons theme-round orientation-horizontal buttonsize-medium\"><li class=\"shariff-button twitter shariff-nocustomcolor\" style=\"background-color:#32bbf5\"><a href=\"https:\/\/twitter.com\/share?url=https%3A%2F%2Fcbrell.de%2Fblog%2Fmini-plus-futter-versorgungskonzept-fuer-den-imker-urlaub%2F&text=Mini%20Plus%20Futter-Versorgungskonzept%20f%C3%BCr%20den%20Imker-Urlaub\" title=\"Bei Twitter teilen\" aria-label=\"Bei Twitter teilen\" role=\"button\" rel=\"noopener nofollow\" class=\"shariff-link\" style=\"; background-color:#55acee; color:#fff\" target=\"_blank\"><span class=\"shariff-icon\" style=\"\"><svg width=\"32px\" height=\"20px\" xmlns=\"http:\/\/www.w3.org\/2000\/svg\" viewBox=\"0 0 30 32\"><path fill=\"#55acee\" d=\"M29.7 6.8q-1.2 1.8-3 3.1 0 0.3 0 0.8 0 2.5-0.7 4.9t-2.2 4.7-3.5 4-4.9 2.8-6.1 1q-5.1 0-9.3-2.7 0.6 0.1 1.5 0.1 4.3 0 7.6-2.6-2-0.1-3.5-1.2t-2.2-3q0.6 0.1 1.1 0.1 0.8 0 1.6-0.2-2.1-0.4-3.5-2.1t-1.4-3.9v-0.1q1.3 0.7 2.8 0.8-1.2-0.8-2-2.2t-0.7-2.9q0-1.7 0.8-3.1 2.3 2.8 5.5 4.5t7 1.9q-0.2-0.7-0.2-1.4 0-2.5 1.8-4.3t4.3-1.8q2.7 0 4.5 1.9 2.1-0.4 3.9-1.5-0.7 2.2-2.7 3.4 1.8-0.2 3.5-0.9z\"\/><\/svg><\/span><\/a><\/li><li class=\"shariff-button facebook shariff-nocustomcolor\" style=\"background-color:#4273c8\"><a href=\"https:\/\/www.facebook.com\/sharer\/sharer.php?u=https%3A%2F%2Fcbrell.de%2Fblog%2Fmini-plus-futter-versorgungskonzept-fuer-den-imker-urlaub%2F\" title=\"Bei Facebook teilen\" aria-label=\"Bei Facebook teilen\" role=\"button\" rel=\"nofollow\" class=\"shariff-link\" style=\"; background-color:#3b5998; color:#fff\" target=\"_blank\"><span class=\"shariff-icon\" style=\"\"><svg width=\"32px\" height=\"20px\" xmlns=\"http:\/\/www.w3.org\/2000\/svg\" viewBox=\"0 0 18 32\"><path fill=\"#3b5998\" d=\"M17.1 0.2v4.7h-2.8q-1.5 0-2.1 0.6t-0.5 1.9v3.4h5.2l-0.7 5.3h-4.5v13.6h-5.5v-13.6h-4.5v-5.3h4.5v-3.9q0-3.3 1.9-5.2t5-1.8q2.6 0 4.1 0.2z\"\/><\/svg><\/span><\/a><\/li><li class=\"shariff-button linkedin shariff-nocustomcolor\" style=\"background-color:#1488bf\"><a href=\"https:\/\/www.linkedin.com\/sharing\/share-offsite\/?url=https%3A%2F%2Fcbrell.de%2Fblog%2Fmini-plus-futter-versorgungskonzept-fuer-den-imker-urlaub%2F\" title=\"Bei LinkedIn teilen\" aria-label=\"Bei LinkedIn teilen\" role=\"button\" rel=\"noopener nofollow\" class=\"shariff-link\" style=\"; background-color:#0077b5; color:#fff\" target=\"_blank\"><span class=\"shariff-icon\" style=\"\"><svg width=\"32px\" height=\"20px\" xmlns=\"http:\/\/www.w3.org\/2000\/svg\" viewBox=\"0 0 27 32\"><path fill=\"#0077b5\" d=\"M6.2 11.2v17.7h-5.9v-17.7h5.9zM6.6 5.7q0 1.3-0.9 2.2t-2.4 0.9h0q-1.5 0-2.4-0.9t-0.9-2.2 0.9-2.2 2.4-0.9 2.4 0.9 0.9 2.2zM27.4 18.7v10.1h-5.9v-9.5q0-1.9-0.7-2.9t-2.3-1.1q-1.1 0-1.9 0.6t-1.2 1.5q-0.2 0.5-0.2 1.4v9.9h-5.9q0-7.1 0-11.6t0-5.3l0-0.9h5.9v2.6h0q0.4-0.6 0.7-1t1-0.9 1.6-0.8 2-0.3q3 0 4.9 2t1.9 6z\"\/><\/svg><\/span><\/a><\/li><\/ul><\/div>","protected":false},"excerpt":{"rendered":"<p>Wie \u00fcberleben Bienen den Imker-Urlaub? Insbesondere Mini-Plus-V\u00f6lkchen sind im Futterverbrauch etwas volatiler und ben\u00f6tigen st\u00e4ndige Zwendung &#8211; so die Meinung einiger Imkerkollegen. Allerdings m\u00f6chte ich mich von den Bienen nicht &#8230;<\/p>\n","protected":false},"author":1,"featured_media":4520,"comment_status":"open","ping_status":"closed","sticky":false,"template":"","format":"standard","meta":{"footnotes":""},"categories":[1],"tags":[183,279,278,1070,1071,1069],"class_list":["post-4515","post","type-post","status-publish","format-standard","has-post-thumbnail","hentry","category-allgemein","tag-bienen","tag-futter","tag-mini-plus","tag-sommer","tag-urlaub","tag-wasser"],"yoast_head":"<!-- This site is optimized with the Yoast SEO plugin v27.4 - https:\/\/yoast.com\/product\/yoast-seo-wordpress\/ -->\n<title>Mini Plus Futter-Versorgungskonzept f\u00fcr den Imker-Urlaub - Bienen, Natur und Internet of Things<\/title>\n<meta name=\"robots\" content=\"index, follow, max-snippet:-1, max-image-preview:large, max-video-preview:-1\" \/>\n<link rel=\"canonical\" href=\"https:\/\/cbrell.de\/blog\/mini-plus-futter-versorgungskonzept-fuer-den-imker-urlaub\/\" \/>\n<meta property=\"og:locale\" content=\"de_DE\" \/>\n<meta property=\"og:type\" content=\"article\" \/>\n<meta property=\"og:title\" content=\"Mini Plus Futter-Versorgungskonzept f\u00fcr den Imker-Urlaub - Bienen, Natur und Internet of Things\" \/>\n<meta property=\"og:description\" content=\"Wie \u00fcberleben Bienen den Imker-Urlaub? Insbesondere Mini-Plus-V\u00f6lkchen sind im Futterverbrauch etwas volatiler und ben\u00f6tigen st\u00e4ndige Zwendung &#8211; so die Meinung einiger Imkerkollegen. Allerdings m\u00f6chte ich mich von den Bienen nicht ...\" \/>\n<meta property=\"og:url\" content=\"https:\/\/cbrell.de\/blog\/mini-plus-futter-versorgungskonzept-fuer-den-imker-urlaub\/\" \/>\n<meta property=\"og:site_name\" content=\"Bienen, Natur und Internet of Things\" \/>\n<meta property=\"article:published_time\" content=\"2024-08-21T22:32:41+00:00\" \/>\n<meta property=\"article:modified_time\" content=\"2024-08-21T22:37:37+00:00\" \/>\n<meta property=\"og:image\" content=\"https:\/\/cbrell.de\/blog\/wp-content\/uploads\/2024\/08\/Mini-Plus-Wabe-mit-Brut-und-Futterkranz.jpg\" \/>\n\t<meta property=\"og:image:width\" content=\"1024\" \/>\n\t<meta property=\"og:image:height\" content=\"576\" \/>\n\t<meta property=\"og:image:type\" content=\"image\/jpeg\" \/>\n<meta name=\"author\" content=\"Claus Brell\" \/>\n<meta name=\"twitter:card\" content=\"summary_large_image\" \/>\n<meta name=\"twitter:creator\" content=\"@clausbrell5859\" \/>\n<meta name=\"twitter:site\" content=\"@clausbrell\" \/>\n<meta name=\"twitter:label1\" content=\"Verfasst von\" \/>\n\t<meta name=\"twitter:data1\" content=\"Claus Brell\" \/>\n\t<meta name=\"twitter:label2\" content=\"Gesch\u00e4tzte Lesezeit\" \/>\n\t<meta name=\"twitter:data2\" content=\"3\u00a0Minuten\" \/>\n<script type=\"application\/ld+json\" class=\"yoast-schema-graph\">{\"@context\":\"https:\\\/\\\/schema.org\",\"@graph\":[{\"@type\":\"Article\",\"@id\":\"https:\\\/\\\/cbrell.de\\\/blog\\\/mini-plus-futter-versorgungskonzept-fuer-den-imker-urlaub\\\/#article\",\"isPartOf\":{\"@id\":\"https:\\\/\\\/cbrell.de\\\/blog\\\/mini-plus-futter-versorgungskonzept-fuer-den-imker-urlaub\\\/\"},\"author\":{\"name\":\"Claus Brell\",\"@id\":\"https:\\\/\\\/cbrell.de\\\/blog\\\/#\\\/schema\\\/person\\\/7cf529e46faf1fd7b2b6942fec254c58\"},\"headline\":\"Mini Plus Futter-Versorgungskonzept f\u00fcr den Imker-Urlaub\",\"datePublished\":\"2024-08-21T22:32:41+00:00\",\"dateModified\":\"2024-08-21T22:37:37+00:00\",\"mainEntityOfPage\":{\"@id\":\"https:\\\/\\\/cbrell.de\\\/blog\\\/mini-plus-futter-versorgungskonzept-fuer-den-imker-urlaub\\\/\"},\"wordCount\":429,\"commentCount\":0,\"image\":{\"@id\":\"https:\\\/\\\/cbrell.de\\\/blog\\\/mini-plus-futter-versorgungskonzept-fuer-den-imker-urlaub\\\/#primaryimage\"},\"thumbnailUrl\":\"https:\\\/\\\/cbrell.de\\\/blog\\\/wp-content\\\/uploads\\\/2024\\\/08\\\/Mini-Plus-Wabe-mit-Brut-und-Futterkranz.jpg\",\"keywords\":[\"Bienen\",\"Futter\",\"Mini-Plus\",\"Sommer\",\"Urlaub\",\"Wasser\"],\"inLanguage\":\"de\",\"potentialAction\":[{\"@type\":\"CommentAction\",\"name\":\"Comment\",\"target\":[\"https:\\\/\\\/cbrell.de\\\/blog\\\/mini-plus-futter-versorgungskonzept-fuer-den-imker-urlaub\\\/#respond\"]}]},{\"@type\":\"WebPage\",\"@id\":\"https:\\\/\\\/cbrell.de\\\/blog\\\/mini-plus-futter-versorgungskonzept-fuer-den-imker-urlaub\\\/\",\"url\":\"https:\\\/\\\/cbrell.de\\\/blog\\\/mini-plus-futter-versorgungskonzept-fuer-den-imker-urlaub\\\/\",\"name\":\"Mini Plus Futter-Versorgungskonzept f\u00fcr den Imker-Urlaub - Bienen, Natur und Internet of Things\",\"isPartOf\":{\"@id\":\"https:\\\/\\\/cbrell.de\\\/blog\\\/#website\"},\"primaryImageOfPage\":{\"@id\":\"https:\\\/\\\/cbrell.de\\\/blog\\\/mini-plus-futter-versorgungskonzept-fuer-den-imker-urlaub\\\/#primaryimage\"},\"image\":{\"@id\":\"https:\\\/\\\/cbrell.de\\\/blog\\\/mini-plus-futter-versorgungskonzept-fuer-den-imker-urlaub\\\/#primaryimage\"},\"thumbnailUrl\":\"https:\\\/\\\/cbrell.de\\\/blog\\\/wp-content\\\/uploads\\\/2024\\\/08\\\/Mini-Plus-Wabe-mit-Brut-und-Futterkranz.jpg\",\"datePublished\":\"2024-08-21T22:32:41+00:00\",\"dateModified\":\"2024-08-21T22:37:37+00:00\",\"author\":{\"@id\":\"https:\\\/\\\/cbrell.de\\\/blog\\\/#\\\/schema\\\/person\\\/7cf529e46faf1fd7b2b6942fec254c58\"},\"breadcrumb\":{\"@id\":\"https:\\\/\\\/cbrell.de\\\/blog\\\/mini-plus-futter-versorgungskonzept-fuer-den-imker-urlaub\\\/#breadcrumb\"},\"inLanguage\":\"de\",\"potentialAction\":[{\"@type\":\"ReadAction\",\"target\":[\"https:\\\/\\\/cbrell.de\\\/blog\\\/mini-plus-futter-versorgungskonzept-fuer-den-imker-urlaub\\\/\"]}]},{\"@type\":\"ImageObject\",\"inLanguage\":\"de\",\"@id\":\"https:\\\/\\\/cbrell.de\\\/blog\\\/mini-plus-futter-versorgungskonzept-fuer-den-imker-urlaub\\\/#primaryimage\",\"url\":\"https:\\\/\\\/cbrell.de\\\/blog\\\/wp-content\\\/uploads\\\/2024\\\/08\\\/Mini-Plus-Wabe-mit-Brut-und-Futterkranz.jpg\",\"contentUrl\":\"https:\\\/\\\/cbrell.de\\\/blog\\\/wp-content\\\/uploads\\\/2024\\\/08\\\/Mini-Plus-Wabe-mit-Brut-und-Futterkranz.jpg\",\"width\":1024,\"height\":576,\"caption\":\"Das Bild zeigt eine Bilderbuchwabe in Mini Plus mit Brutnest und dickem Futterkranz. So kommen Bienen gut \u00fcber den Imker-Urlaub\"},{\"@type\":\"BreadcrumbList\",\"@id\":\"https:\\\/\\\/cbrell.de\\\/blog\\\/mini-plus-futter-versorgungskonzept-fuer-den-imker-urlaub\\\/#breadcrumb\",\"itemListElement\":[{\"@type\":\"ListItem\",\"position\":1,\"name\":\"Startseite\",\"item\":\"https:\\\/\\\/cbrell.de\\\/blog\\\/\"},{\"@type\":\"ListItem\",\"position\":2,\"name\":\"Mini Plus Futter-Versorgungskonzept f\u00fcr den Imker-Urlaub\"}]},{\"@type\":\"WebSite\",\"@id\":\"https:\\\/\\\/cbrell.de\\\/blog\\\/#website\",\"url\":\"https:\\\/\\\/cbrell.de\\\/blog\\\/\",\"name\":\"Bienen, Natur und Internet of Things\",\"description\":\"Alles, was einfach ist. Von Claus Brell\",\"potentialAction\":[{\"@type\":\"SearchAction\",\"target\":{\"@type\":\"EntryPoint\",\"urlTemplate\":\"https:\\\/\\\/cbrell.de\\\/blog\\\/?s={search_term_string}\"},\"query-input\":{\"@type\":\"PropertyValueSpecification\",\"valueRequired\":true,\"valueName\":\"search_term_string\"}}],\"inLanguage\":\"de\"},{\"@type\":\"Person\",\"@id\":\"https:\\\/\\\/cbrell.de\\\/blog\\\/#\\\/schema\\\/person\\\/7cf529e46faf1fd7b2b6942fec254c58\",\"name\":\"Claus Brell\",\"description\":\"Seit 2021 forsche ich an und mit Bienen (Digitalisierung der Imkerei) Seit 2012 Professur f\u00fcr Wirtschaftsinformatik an der Hochschue Niederrhein. Seit 1981 treibt mich die Frage um: Was haben Physik, Heavy Metal und Spiele miteinander zu tun? Drei m\u00f6gliche Antworten: {nichts | 42 | gleiche Hirnareale werden aktiviert}\",\"sameAs\":[\"http:\\\/\\\/claus-brell.de\",\"https:\\\/\\\/x.com\\\/clausbrell5859\",\"https:\\\/\\\/www.youtube.com\\\/@clausbrell5859\"],\"url\":\"https:\\\/\\\/cbrell.de\\\/blog\\\/author\\\/clausb\\\/\"}]}<\/script>\n<!-- \/ Yoast SEO plugin. -->","yoast_head_json":{"title":"Mini Plus Futter-Versorgungskonzept f\u00fcr den Imker-Urlaub - Bienen, Natur und Internet of Things","robots":{"index":"index","follow":"follow","max-snippet":"max-snippet:-1","max-image-preview":"max-image-preview:large","max-video-preview":"max-video-preview:-1"},"canonical":"https:\/\/cbrell.de\/blog\/mini-plus-futter-versorgungskonzept-fuer-den-imker-urlaub\/","og_locale":"de_DE","og_type":"article","og_title":"Mini Plus Futter-Versorgungskonzept f\u00fcr den Imker-Urlaub - Bienen, Natur und Internet of Things","og_description":"Wie \u00fcberleben Bienen den Imker-Urlaub? Insbesondere Mini-Plus-V\u00f6lkchen sind im Futterverbrauch etwas volatiler und ben\u00f6tigen st\u00e4ndige Zwendung &#8211; so die Meinung einiger Imkerkollegen. Allerdings m\u00f6chte ich mich von den Bienen nicht ...","og_url":"https:\/\/cbrell.de\/blog\/mini-plus-futter-versorgungskonzept-fuer-den-imker-urlaub\/","og_site_name":"Bienen, Natur und Internet of Things","article_published_time":"2024-08-21T22:32:41+00:00","article_modified_time":"2024-08-21T22:37:37+00:00","og_image":[{"width":1024,"height":576,"url":"https:\/\/cbrell.de\/blog\/wp-content\/uploads\/2024\/08\/Mini-Plus-Wabe-mit-Brut-und-Futterkranz.jpg","type":"image\/jpeg"}],"author":"Claus Brell","twitter_card":"summary_large_image","twitter_creator":"@clausbrell5859","twitter_site":"@clausbrell","twitter_misc":{"Verfasst von":"Claus Brell","Gesch\u00e4tzte Lesezeit":"3\u00a0Minuten"},"schema":{"@context":"https:\/\/schema.org","@graph":[{"@type":"Article","@id":"https:\/\/cbrell.de\/blog\/mini-plus-futter-versorgungskonzept-fuer-den-imker-urlaub\/#article","isPartOf":{"@id":"https:\/\/cbrell.de\/blog\/mini-plus-futter-versorgungskonzept-fuer-den-imker-urlaub\/"},"author":{"name":"Claus Brell","@id":"https:\/\/cbrell.de\/blog\/#\/schema\/person\/7cf529e46faf1fd7b2b6942fec254c58"},"headline":"Mini Plus Futter-Versorgungskonzept f\u00fcr den Imker-Urlaub","datePublished":"2024-08-21T22:32:41+00:00","dateModified":"2024-08-21T22:37:37+00:00","mainEntityOfPage":{"@id":"https:\/\/cbrell.de\/blog\/mini-plus-futter-versorgungskonzept-fuer-den-imker-urlaub\/"},"wordCount":429,"commentCount":0,"image":{"@id":"https:\/\/cbrell.de\/blog\/mini-plus-futter-versorgungskonzept-fuer-den-imker-urlaub\/#primaryimage"},"thumbnailUrl":"https:\/\/cbrell.de\/blog\/wp-content\/uploads\/2024\/08\/Mini-Plus-Wabe-mit-Brut-und-Futterkranz.jpg","keywords":["Bienen","Futter","Mini-Plus","Sommer","Urlaub","Wasser"],"inLanguage":"de","potentialAction":[{"@type":"CommentAction","name":"Comment","target":["https:\/\/cbrell.de\/blog\/mini-plus-futter-versorgungskonzept-fuer-den-imker-urlaub\/#respond"]}]},{"@type":"WebPage","@id":"https:\/\/cbrell.de\/blog\/mini-plus-futter-versorgungskonzept-fuer-den-imker-urlaub\/","url":"https:\/\/cbrell.de\/blog\/mini-plus-futter-versorgungskonzept-fuer-den-imker-urlaub\/","name":"Mini Plus Futter-Versorgungskonzept f\u00fcr den Imker-Urlaub - Bienen, Natur und Internet of Things","isPartOf":{"@id":"https:\/\/cbrell.de\/blog\/#website"},"primaryImageOfPage":{"@id":"https:\/\/cbrell.de\/blog\/mini-plus-futter-versorgungskonzept-fuer-den-imker-urlaub\/#primaryimage"},"image":{"@id":"https:\/\/cbrell.de\/blog\/mini-plus-futter-versorgungskonzept-fuer-den-imker-urlaub\/#primaryimage"},"thumbnailUrl":"https:\/\/cbrell.de\/blog\/wp-content\/uploads\/2024\/08\/Mini-Plus-Wabe-mit-Brut-und-Futterkranz.jpg","datePublished":"2024-08-21T22:32:41+00:00","dateModified":"2024-08-21T22:37:37+00:00","author":{"@id":"https:\/\/cbrell.de\/blog\/#\/schema\/person\/7cf529e46faf1fd7b2b6942fec254c58"},"breadcrumb":{"@id":"https:\/\/cbrell.de\/blog\/mini-plus-futter-versorgungskonzept-fuer-den-imker-urlaub\/#breadcrumb"},"inLanguage":"de","potentialAction":[{"@type":"ReadAction","target":["https:\/\/cbrell.de\/blog\/mini-plus-futter-versorgungskonzept-fuer-den-imker-urlaub\/"]}]},{"@type":"ImageObject","inLanguage":"de","@id":"https:\/\/cbrell.de\/blog\/mini-plus-futter-versorgungskonzept-fuer-den-imker-urlaub\/#primaryimage","url":"https:\/\/cbrell.de\/blog\/wp-content\/uploads\/2024\/08\/Mini-Plus-Wabe-mit-Brut-und-Futterkranz.jpg","contentUrl":"https:\/\/cbrell.de\/blog\/wp-content\/uploads\/2024\/08\/Mini-Plus-Wabe-mit-Brut-und-Futterkranz.jpg","width":1024,"height":576,"caption":"Das Bild zeigt eine Bilderbuchwabe in Mini Plus mit Brutnest und dickem Futterkranz. So kommen Bienen gut \u00fcber den Imker-Urlaub"},{"@type":"BreadcrumbList","@id":"https:\/\/cbrell.de\/blog\/mini-plus-futter-versorgungskonzept-fuer-den-imker-urlaub\/#breadcrumb","itemListElement":[{"@type":"ListItem","position":1,"name":"Startseite","item":"https:\/\/cbrell.de\/blog\/"},{"@type":"ListItem","position":2,"name":"Mini Plus Futter-Versorgungskonzept f\u00fcr den Imker-Urlaub"}]},{"@type":"WebSite","@id":"https:\/\/cbrell.de\/blog\/#website","url":"https:\/\/cbrell.de\/blog\/","name":"Bienen, Natur und Internet of Things","description":"Alles, was einfach ist. Von Claus Brell","potentialAction":[{"@type":"SearchAction","target":{"@type":"EntryPoint","urlTemplate":"https:\/\/cbrell.de\/blog\/?s={search_term_string}"},"query-input":{"@type":"PropertyValueSpecification","valueRequired":true,"valueName":"search_term_string"}}],"inLanguage":"de"},{"@type":"Person","@id":"https:\/\/cbrell.de\/blog\/#\/schema\/person\/7cf529e46faf1fd7b2b6942fec254c58","name":"Claus Brell","description":"Seit 2021 forsche ich an und mit Bienen (Digitalisierung der Imkerei) Seit 2012 Professur f\u00fcr Wirtschaftsinformatik an der Hochschue Niederrhein. Seit 1981 treibt mich die Frage um: Was haben Physik, Heavy Metal und Spiele miteinander zu tun? Drei m\u00f6gliche Antworten: {nichts | 42 | gleiche Hirnareale werden aktiviert}","sameAs":["http:\/\/claus-brell.de","https:\/\/x.com\/clausbrell5859","https:\/\/www.youtube.com\/@clausbrell5859"],"url":"https:\/\/cbrell.de\/blog\/author\/clausb\/"}]}},"_links":{"self":[{"href":"https:\/\/cbrell.de\/blog\/wp-json\/wp\/v2\/posts\/4515","targetHints":{"allow":["GET"]}}],"collection":[{"href":"https:\/\/cbrell.de\/blog\/wp-json\/wp\/v2\/posts"}],"about":[{"href":"https:\/\/cbrell.de\/blog\/wp-json\/wp\/v2\/types\/post"}],"author":[{"embeddable":true,"href":"https:\/\/cbrell.de\/blog\/wp-json\/wp\/v2\/users\/1"}],"replies":[{"embeddable":true,"href":"https:\/\/cbrell.de\/blog\/wp-json\/wp\/v2\/comments?post=4515"}],"version-history":[{"count":4,"href":"https:\/\/cbrell.de\/blog\/wp-json\/wp\/v2\/posts\/4515\/revisions"}],"predecessor-version":[{"id":4522,"href":"https:\/\/cbrell.de\/blog\/wp-json\/wp\/v2\/posts\/4515\/revisions\/4522"}],"wp:featuredmedia":[{"embeddable":true,"href":"https:\/\/cbrell.de\/blog\/wp-json\/wp\/v2\/media\/4520"}],"wp:attachment":[{"href":"https:\/\/cbrell.de\/blog\/wp-json\/wp\/v2\/media?parent=4515"}],"wp:term":[{"taxonomy":"category","embeddable":true,"href":"https:\/\/cbrell.de\/blog\/wp-json\/wp\/v2\/categories?post=4515"},{"taxonomy":"post_tag","embeddable":true,"href":"https:\/\/cbrell.de\/blog\/wp-json\/wp\/v2\/tags?post=4515"}],"curies":[{"name":"wp","href":"https:\/\/api.w.org\/{rel}","templated":true}]}}