{"id":4385,"date":"2024-04-14T21:54:05","date_gmt":"2024-04-14T19:54:05","guid":{"rendered":"https:\/\/cbrell.de\/blog\/?p=4385"},"modified":"2024-04-14T22:53:22","modified_gmt":"2024-04-14T20:53:22","slug":"ameisen-kommunizieren-mit-vibrationen","status":"publish","type":"post","link":"https:\/\/cbrell.de\/blog\/ameisen-kommunizieren-mit-vibrationen\/","title":{"rendered":"Ameisen kommunizieren mit Vibrationen"},"content":{"rendered":"<p><em>Ameisen kommunizieren untereinander \u00fcber unterschiedliche Kan\u00e4le, der wichtigste ist der \u00fcber chemische Substanzen (Bota et al. 2022). Auch substratgebundene K\u00f6rperschallsignale spielen eine Rolle in der Ameisenkommunikation &#8211; Ameisen kommunizieren mit Vibrationen.<br \/>\nDas Titelbild zeigt eine Blattschneiderameise (nach H\u00f6lldobler &amp; Wilson 2016). Sie erzeugt Vibrationen durch Reiben von Strukturen auf ihrer K\u00f6rperoberfl\u00e4che und \u00dcbertragung der Vibrationen \u00fcber die Mandibeln auf das Substrat.<\/em><\/p>\n<p>Stand 14.04.2024<\/p>\n<h2>Klopfen und trommeln<\/h2>\n<p>Die Arbeiterinnen mehrerer Arten der Gattung Camponotus erzeugen Vibrationen, indem sie mit ihren Mandibeln und ihrem Hinterleib auf die Oberfl\u00e4che der von ihnen bewohnten Holzkammern und -galerien trommeln. Die Vibrationssignale k\u00f6nnen von ihren Nestgenossinnen in einer Entfernung von bis zu 20 cm von der Quelle wahrgenommen werden. Das Trommelverhalten wird dabei als Alarm- oder als Verteidigungskommunikation eingestuft. Es kann auch als additives Signal fungieren und die Wahrscheinlichkeit einer Reaktion auf einen anderen, z.B. chemischen, Reiz zu ver\u00e4ndern.<\/p>\n<p>Rosenameisen erzeugen K\u00f6rperschallimpulse, indem sie mit dem Kopf auf eine harte Oberfl\u00e4che klopfen (H\u00f6lldobler &amp; Willson 2016, S. 135). Dieses Verfahren eignet sich gut f\u00fcr Ameisenarten, die in Holzhohlr\u00e4umen oder papierartigen Nestern leben.<\/p>\n<h2>Kratzen und schaben<\/h2>\n<p>Andere M\u00f6glichkeiten zur Erzeugung von Substratvibrationen sind das Kratzen des Substrats mit den Mandibeln der Ameisen.<\/p>\n<h2>Reibeisen<\/h2>\n<p>H\u00f6lldobler und Willson (2016, S. 131) beschreiben, wie sich verschiedene Ameisenarten mit K\u00f6rperschallereignissen verst\u00e4ndigen. W\u00e4hrend Honigbienen ihre Flugmuskulatur nutzen, um Laute wie <a href=\"https:\/\/cbrell.de\/blog\/tuten-und-quaken-bienenkoenigin-und-prinzessin-kommunizieren\/\">Tuten oder Quaken<\/a> zu erzeugen, verwenden Ameisen einen d\u00fcnnen, quer verlaufenden Schaber an iherer Taille, den sie gegen eine gerillte Oberfl\u00e4che des Abdomens reiben. Dies tun sie durch eine Auf- und Abbbewegung des Abdomens. Dieser Prozess hei\u00dft, wie oben schon ausgef\u00fchrt, Stridulation. Das Ger\u00e4usch ist hochfrequent und als Luftschall kaum wahrnehmbar. Die Ameisen h\u00f6ren es nicht, sondern nehmen es als K\u00f6rperschall \u00fcber das Substrat, auf dem sie stehen, mit Sensoren in den Beinen wahr. Dabei ist die Kommunikationsreichweite bis zu 25 cm.<br \/>\nBlattschneiderameisen nutzen die Vibrationen, um nach Hilfe zu rufen oder anderen Arbeiterinnen mitzuteilen, dass sie ein besonders n\u00e4hrstoffreiches Blatt gefunden haben.<\/p>\n<h2>Biologie des &#8222;Ameisenh\u00f6rens&#8220;<\/h2>\n<p>Substratvibrationen und Luftschall sind oft schwer zu trennen, da ein und derselbe physikalische Mechanismus beides hervorrufen kann. Wenn eine Vibrationsquelle auf einem Substrat aktiv ist, erzeugt sie sowohl Signale, die durch die Luft \u00fcbertragen werden (Schall, Luftschall), als auch Signale, die durch das Substrat wandern (Vibration, K\u00f6rperschall). Wie auch z. B. Honigbienen nehmen Ameisen Substratvibrationen \u00fcber Chordotonalorgane wahr, die aus scolopidialen Sensillen bestehen. Sie besitzen zwei wichtige Chordotonalorgane, n\u00e4mlich ein subgenuales Organ im Schienbein, das sehr empfindlich auf Substratvibrationen reagiert, und ein Johnston&#8217;sches Organ im Stiel der Antenne. Das <a href=\"https:\/\/de.wikipedia.org\/wiki\/Johnstonsches_Organ\" target=\"_blank\" rel=\"noopener\">Johnstonsche Organ<\/a> der Ameisen ist empfindlich f\u00fcr Ausschl\u00e4ge der Gei\u00dfel, die durch Luftbewegungen verursacht werden, ist aber unempfindlich gegen\u00fcber akustischem Schall.<\/p>\n<p>Einige Studien vermuten, dass Ameisen in der Lage sind, Luftschall im Nahbereich \u00fcber haar\u00e4hnliche Sensillen an den F\u00fchlern wahrzunehmen (Hickling &amp; Brown, 2000).<\/p>\n<h2>Anhang<\/h2>\n<h3>Glossar<\/h3>\n<h4>Chordotonalorgane<\/h4>\n<p>Chordotonalorgane sind Sinnesorgane von Insekten. Es handelt sich um r\u00f6hrenf\u00f6rmige Mechanorezeptoren, die dem Tier Positionsinformationen z.B. von Gelenken vermitteln.<\/p>\n<h4>Sensille<\/h4>\n<p>Eine Sensille ist ein au\u00dfenliegendes haar\u00e4hnliches Sinnesorgan zur Wahrnehmung von Umweltreizen. Bei Insekten werden Sensilla als Teil des Exoskeletts aus einem Borstenhaar oder Poren und zwei Sinneszellen durch die Cuticula ausgebildet.<\/p>\n<h4>Scolopidium<\/h4>\n<p>Ein Scolopidium ist eine Sinneszelle bei Insekten, die auf mechanosensorische Reize reagiert.<\/p>\n<h4>Subgenualorgan<\/h4>\n<p>Ein Subgenualorgan ist bei Insekten ein dicht unter dem Gelenk des Schienbeins gelegenes, der Registrierung von Ersch\u00fctterungen (Vibration) dienendes Sinnesorgan, bestehend aus einer Gruppe von Scolopidien.<\/p>\n<h3>Quellen zu Ameisen kommunizieren mit Vibrationen<\/h3>\n<p>Hickling, Robert; Brown, Richard L. (2000) Analysis of acoustic communication by ants. J. Acoust. Soc. Am. 108 (4)<\/p>\n<p>H\u00f6lldobler, Bert &amp; Wilson, Edward (2016) Auf den Spuren der Ameisen. 3. Auflage. Heidelberg<br \/>\n(Dieses Buch ist eine deutsche und gut lesbare Zusammenfassung der letzten 40 Jahre Ameisenforschung. H\u00f6lldobler wurde 1965 bei dem gro\u00dfen deutschen Bienenforscher Martin Lindauer, selbst ein Sch\u00fcler von Karl von Frisch, in W\u00fcrzburg promoviert. Das Buch ist <a href=\"https:\/\/www.amazon.de\/Auf-den-Spuren-Ameisen-faszinierenden\/dp\/3662484064\/ref=sr_1_2?__mk_de_DE=%C3%85M%C3%85%C5%BD%C3%95%C3%91&amp;crid=10G07ZB7NBA5L&amp;dib=eyJ2IjoiMSJ9.0l6LimytN5hXnv8uFrPoYtObXUsv_qhfgWwTRNY-s-qSO6z_sgCm2VsqAHcKUjayjnsO0FuKU07hQRSV4Eam1-tViGnbnkyW70uwawRztI01Mx_8OLsQ0RFYVkXrde9oodCawnU_kNrRiu48Q52qx_eSuAU_81zXCz7J4hWVzHSYxtPrZIqZ-avtVbWWTZ3e-6Xq7x4Rx-Glihs2-9rh_DGlzXreq0BiGGUiL8wJAKQ.3DGavdRgic60g9v8I2JQbRPryQgBBCi_UVm34jHLXUk&amp;dib_tag=se&amp;keywords=h%C3%B6lldobler&amp;qid=1713127677&amp;sprefix=h%C3%B6lldobler%2Caps%2C89&amp;sr=8-2\">hier<\/a> erh\u00e4ltlich. Ich empfehle es ausdr\u00fccklich.)<\/p>\n<p>Julien L. Bota a, Michael G. Sch\u00f6ner a b, Caroline R. Sch\u00f6ner a, Monika J.B. Eberhard a (2022) Rustling ants: Vibrational communication performed by two Camponotus species in Borneo.<\/p>\n<p>&nbsp;<\/p>\n<p><img decoding=\"async\" src=\"https:\/\/cbrell.de\/zaehler?x=9687\" \/><\/p>\n<div class=\"shariff shariff-align-flex-start shariff-widget-align-flex-start\" data-services=\"facebook\" data-url=\"https%3A%2F%2Fcbrell.de%2Fblog%2Fameisen-kommunizieren-mit-vibrationen%2F\" data-timestamp=\"1713135202\" data-backendurl=\"https:\/\/cbrell.de\/blog\/wp-json\/shariff\/v1\/share_counts?\"><div class=\"ShariffHeadline\">Teile diesen Beitrag.<\/div><ul class=\"shariff-buttons theme-round orientation-horizontal buttonsize-medium\"><li class=\"shariff-button twitter shariff-nocustomcolor\" style=\"background-color:#32bbf5\"><a href=\"https:\/\/twitter.com\/share?url=https%3A%2F%2Fcbrell.de%2Fblog%2Fameisen-kommunizieren-mit-vibrationen%2F&text=Ameisen%20kommunizieren%20mit%20Vibrationen\" title=\"Bei Twitter teilen\" aria-label=\"Bei Twitter teilen\" role=\"button\" rel=\"noopener nofollow\" class=\"shariff-link\" style=\"; background-color:#55acee; color:#fff\" target=\"_blank\"><span class=\"shariff-icon\" style=\"\"><svg width=\"32px\" height=\"20px\" xmlns=\"http:\/\/www.w3.org\/2000\/svg\" viewBox=\"0 0 30 32\"><path fill=\"#55acee\" d=\"M29.7 6.8q-1.2 1.8-3 3.1 0 0.3 0 0.8 0 2.5-0.7 4.9t-2.2 4.7-3.5 4-4.9 2.8-6.1 1q-5.1 0-9.3-2.7 0.6 0.1 1.5 0.1 4.3 0 7.6-2.6-2-0.1-3.5-1.2t-2.2-3q0.6 0.1 1.1 0.1 0.8 0 1.6-0.2-2.1-0.4-3.5-2.1t-1.4-3.9v-0.1q1.3 0.7 2.8 0.8-1.2-0.8-2-2.2t-0.7-2.9q0-1.7 0.8-3.1 2.3 2.8 5.5 4.5t7 1.9q-0.2-0.7-0.2-1.4 0-2.5 1.8-4.3t4.3-1.8q2.7 0 4.5 1.9 2.1-0.4 3.9-1.5-0.7 2.2-2.7 3.4 1.8-0.2 3.5-0.9z\"\/><\/svg><\/span><\/a><\/li><li class=\"shariff-button facebook shariff-nocustomcolor\" style=\"background-color:#4273c8\"><a href=\"https:\/\/www.facebook.com\/sharer\/sharer.php?u=https%3A%2F%2Fcbrell.de%2Fblog%2Fameisen-kommunizieren-mit-vibrationen%2F\" title=\"Bei Facebook teilen\" aria-label=\"Bei Facebook teilen\" role=\"button\" rel=\"nofollow\" class=\"shariff-link\" style=\"; background-color:#3b5998; color:#fff\" target=\"_blank\"><span class=\"shariff-icon\" style=\"\"><svg width=\"32px\" height=\"20px\" xmlns=\"http:\/\/www.w3.org\/2000\/svg\" viewBox=\"0 0 18 32\"><path fill=\"#3b5998\" d=\"M17.1 0.2v4.7h-2.8q-1.5 0-2.1 0.6t-0.5 1.9v3.4h5.2l-0.7 5.3h-4.5v13.6h-5.5v-13.6h-4.5v-5.3h4.5v-3.9q0-3.3 1.9-5.2t5-1.8q2.6 0 4.1 0.2z\"\/><\/svg><\/span><\/a><\/li><li class=\"shariff-button linkedin shariff-nocustomcolor\" style=\"background-color:#1488bf\"><a href=\"https:\/\/www.linkedin.com\/sharing\/share-offsite\/?url=https%3A%2F%2Fcbrell.de%2Fblog%2Fameisen-kommunizieren-mit-vibrationen%2F\" title=\"Bei LinkedIn teilen\" aria-label=\"Bei LinkedIn teilen\" role=\"button\" rel=\"noopener nofollow\" class=\"shariff-link\" style=\"; background-color:#0077b5; color:#fff\" target=\"_blank\"><span class=\"shariff-icon\" style=\"\"><svg width=\"32px\" height=\"20px\" xmlns=\"http:\/\/www.w3.org\/2000\/svg\" viewBox=\"0 0 27 32\"><path fill=\"#0077b5\" d=\"M6.2 11.2v17.7h-5.9v-17.7h5.9zM6.6 5.7q0 1.3-0.9 2.2t-2.4 0.9h0q-1.5 0-2.4-0.9t-0.9-2.2 0.9-2.2 2.4-0.9 2.4 0.9 0.9 2.2zM27.4 18.7v10.1h-5.9v-9.5q0-1.9-0.7-2.9t-2.3-1.1q-1.1 0-1.9 0.6t-1.2 1.5q-0.2 0.5-0.2 1.4v9.9h-5.9q0-7.1 0-11.6t0-5.3l0-0.9h5.9v2.6h0q0.4-0.6 0.7-1t1-0.9 1.6-0.8 2-0.3q3 0 4.9 2t1.9 6z\"\/><\/svg><\/span><\/a><\/li><\/ul><\/div>","protected":false},"excerpt":{"rendered":"<p>Ameisen kommunizieren untereinander \u00fcber unterschiedliche Kan\u00e4le, der wichtigste ist der \u00fcber chemische Substanzen (Bota et al. 2022). Auch substratgebundene K\u00f6rperschallsignale spielen eine Rolle in der Ameisenkommunikation &#8211; Ameisen kommunizieren mit &#8230;<\/p>\n","protected":false},"author":1,"featured_media":4388,"comment_status":"open","ping_status":"closed","sticky":false,"template":"","format":"standard","meta":{"footnotes":""},"categories":[1],"tags":[1049,979,978,1050],"class_list":["post-4385","post","type-post","status-publish","format-standard","has-post-thumbnail","hentry","category-allgemein","tag-ameise","tag-koerperschall","tag-luftschall","tag-vibration"],"yoast_head":"<!-- This site is optimized with the Yoast SEO plugin v27.4 - https:\/\/yoast.com\/product\/yoast-seo-wordpress\/ -->\n<title>Ameisen kommunizieren mit Vibrationen - Bienen, Natur und Internet of Things<\/title>\n<meta name=\"description\" content=\"Ameisen kommunizieren untereinander \u00fcber unterschiedliche Kan\u00e4le, auch \u00fcber substratgebundene K\u00f6rperschallsignale sprich Vibrationen.\" \/>\n<meta name=\"robots\" content=\"index, follow, max-snippet:-1, max-image-preview:large, max-video-preview:-1\" \/>\n<link rel=\"canonical\" href=\"https:\/\/cbrell.de\/blog\/ameisen-kommunizieren-mit-vibrationen\/\" \/>\n<meta property=\"og:locale\" content=\"de_DE\" \/>\n<meta property=\"og:type\" content=\"article\" \/>\n<meta property=\"og:title\" content=\"Ameisen kommunizieren mit Vibrationen - Bienen, Natur und Internet of Things\" \/>\n<meta property=\"og:description\" content=\"Ameisen kommunizieren untereinander \u00fcber unterschiedliche Kan\u00e4le, auch \u00fcber substratgebundene K\u00f6rperschallsignale sprich Vibrationen.\" \/>\n<meta property=\"og:url\" content=\"https:\/\/cbrell.de\/blog\/ameisen-kommunizieren-mit-vibrationen\/\" \/>\n<meta property=\"og:site_name\" content=\"Bienen, Natur und Internet of Things\" \/>\n<meta property=\"article:published_time\" content=\"2024-04-14T19:54:05+00:00\" \/>\n<meta property=\"article:modified_time\" content=\"2024-04-14T20:53:22+00:00\" \/>\n<meta property=\"og:image\" content=\"https:\/\/cbrell.de\/blog\/wp-content\/uploads\/2024\/04\/Blattschneiderameise-gezeichnet-nach-Hoelldobler.png\" \/>\n\t<meta property=\"og:image:width\" content=\"1024\" \/>\n\t<meta property=\"og:image:height\" content=\"509\" \/>\n\t<meta property=\"og:image:type\" content=\"image\/png\" \/>\n<meta name=\"author\" content=\"Claus Brell\" \/>\n<meta name=\"twitter:card\" content=\"summary_large_image\" \/>\n<meta name=\"twitter:creator\" content=\"@clausbrell5859\" \/>\n<meta name=\"twitter:site\" content=\"@clausbrell\" \/>\n<meta name=\"twitter:label1\" content=\"Verfasst von\" \/>\n\t<meta name=\"twitter:data1\" content=\"Claus Brell\" \/>\n\t<meta name=\"twitter:label2\" content=\"Gesch\u00e4tzte Lesezeit\" \/>\n\t<meta name=\"twitter:data2\" content=\"5\u00a0Minuten\" \/>\n<script type=\"application\/ld+json\" class=\"yoast-schema-graph\">{\"@context\":\"https:\\\/\\\/schema.org\",\"@graph\":[{\"@type\":\"Article\",\"@id\":\"https:\\\/\\\/cbrell.de\\\/blog\\\/ameisen-kommunizieren-mit-vibrationen\\\/#article\",\"isPartOf\":{\"@id\":\"https:\\\/\\\/cbrell.de\\\/blog\\\/ameisen-kommunizieren-mit-vibrationen\\\/\"},\"author\":{\"name\":\"Claus Brell\",\"@id\":\"https:\\\/\\\/cbrell.de\\\/blog\\\/#\\\/schema\\\/person\\\/7cf529e46faf1fd7b2b6942fec254c58\"},\"headline\":\"Ameisen kommunizieren mit Vibrationen\",\"datePublished\":\"2024-04-14T19:54:05+00:00\",\"dateModified\":\"2024-04-14T20:53:22+00:00\",\"mainEntityOfPage\":{\"@id\":\"https:\\\/\\\/cbrell.de\\\/blog\\\/ameisen-kommunizieren-mit-vibrationen\\\/\"},\"wordCount\":701,\"commentCount\":0,\"image\":{\"@id\":\"https:\\\/\\\/cbrell.de\\\/blog\\\/ameisen-kommunizieren-mit-vibrationen\\\/#primaryimage\"},\"thumbnailUrl\":\"https:\\\/\\\/cbrell.de\\\/blog\\\/wp-content\\\/uploads\\\/2024\\\/04\\\/Blattschneiderameise-gezeichnet-nach-Hoelldobler.png\",\"keywords\":[\"Ameise\",\"K\u00f6rperschall\",\"Luftschall\",\"Vibration\"],\"inLanguage\":\"de\",\"potentialAction\":[{\"@type\":\"CommentAction\",\"name\":\"Comment\",\"target\":[\"https:\\\/\\\/cbrell.de\\\/blog\\\/ameisen-kommunizieren-mit-vibrationen\\\/#respond\"]}]},{\"@type\":\"WebPage\",\"@id\":\"https:\\\/\\\/cbrell.de\\\/blog\\\/ameisen-kommunizieren-mit-vibrationen\\\/\",\"url\":\"https:\\\/\\\/cbrell.de\\\/blog\\\/ameisen-kommunizieren-mit-vibrationen\\\/\",\"name\":\"Ameisen kommunizieren mit Vibrationen - Bienen, Natur und Internet of Things\",\"isPartOf\":{\"@id\":\"https:\\\/\\\/cbrell.de\\\/blog\\\/#website\"},\"primaryImageOfPage\":{\"@id\":\"https:\\\/\\\/cbrell.de\\\/blog\\\/ameisen-kommunizieren-mit-vibrationen\\\/#primaryimage\"},\"image\":{\"@id\":\"https:\\\/\\\/cbrell.de\\\/blog\\\/ameisen-kommunizieren-mit-vibrationen\\\/#primaryimage\"},\"thumbnailUrl\":\"https:\\\/\\\/cbrell.de\\\/blog\\\/wp-content\\\/uploads\\\/2024\\\/04\\\/Blattschneiderameise-gezeichnet-nach-Hoelldobler.png\",\"datePublished\":\"2024-04-14T19:54:05+00:00\",\"dateModified\":\"2024-04-14T20:53:22+00:00\",\"author\":{\"@id\":\"https:\\\/\\\/cbrell.de\\\/blog\\\/#\\\/schema\\\/person\\\/7cf529e46faf1fd7b2b6942fec254c58\"},\"description\":\"Ameisen kommunizieren untereinander \u00fcber unterschiedliche Kan\u00e4le, auch \u00fcber substratgebundene K\u00f6rperschallsignale sprich Vibrationen.\",\"breadcrumb\":{\"@id\":\"https:\\\/\\\/cbrell.de\\\/blog\\\/ameisen-kommunizieren-mit-vibrationen\\\/#breadcrumb\"},\"inLanguage\":\"de\",\"potentialAction\":[{\"@type\":\"ReadAction\",\"target\":[\"https:\\\/\\\/cbrell.de\\\/blog\\\/ameisen-kommunizieren-mit-vibrationen\\\/\"]}]},{\"@type\":\"ImageObject\",\"inLanguage\":\"de\",\"@id\":\"https:\\\/\\\/cbrell.de\\\/blog\\\/ameisen-kommunizieren-mit-vibrationen\\\/#primaryimage\",\"url\":\"https:\\\/\\\/cbrell.de\\\/blog\\\/wp-content\\\/uploads\\\/2024\\\/04\\\/Blattschneiderameise-gezeichnet-nach-Hoelldobler.png\",\"contentUrl\":\"https:\\\/\\\/cbrell.de\\\/blog\\\/wp-content\\\/uploads\\\/2024\\\/04\\\/Blattschneiderameise-gezeichnet-nach-Hoelldobler.png\",\"width\":1024,\"height\":509,\"caption\":\"Das Bild zeigt eine Zeichnung einer Blattscheiderameise.\"},{\"@type\":\"BreadcrumbList\",\"@id\":\"https:\\\/\\\/cbrell.de\\\/blog\\\/ameisen-kommunizieren-mit-vibrationen\\\/#breadcrumb\",\"itemListElement\":[{\"@type\":\"ListItem\",\"position\":1,\"name\":\"Startseite\",\"item\":\"https:\\\/\\\/cbrell.de\\\/blog\\\/\"},{\"@type\":\"ListItem\",\"position\":2,\"name\":\"Ameisen kommunizieren mit Vibrationen\"}]},{\"@type\":\"WebSite\",\"@id\":\"https:\\\/\\\/cbrell.de\\\/blog\\\/#website\",\"url\":\"https:\\\/\\\/cbrell.de\\\/blog\\\/\",\"name\":\"Bienen, Natur und Internet of Things\",\"description\":\"Alles, was einfach ist. Von Claus Brell\",\"potentialAction\":[{\"@type\":\"SearchAction\",\"target\":{\"@type\":\"EntryPoint\",\"urlTemplate\":\"https:\\\/\\\/cbrell.de\\\/blog\\\/?s={search_term_string}\"},\"query-input\":{\"@type\":\"PropertyValueSpecification\",\"valueRequired\":true,\"valueName\":\"search_term_string\"}}],\"inLanguage\":\"de\"},{\"@type\":\"Person\",\"@id\":\"https:\\\/\\\/cbrell.de\\\/blog\\\/#\\\/schema\\\/person\\\/7cf529e46faf1fd7b2b6942fec254c58\",\"name\":\"Claus Brell\",\"description\":\"Seit 2021 forsche ich an und mit Bienen (Digitalisierung der Imkerei) Seit 2012 Professur f\u00fcr Wirtschaftsinformatik an der Hochschue Niederrhein. Seit 1981 treibt mich die Frage um: Was haben Physik, Heavy Metal und Spiele miteinander zu tun? Drei m\u00f6gliche Antworten: {nichts | 42 | gleiche Hirnareale werden aktiviert}\",\"sameAs\":[\"http:\\\/\\\/claus-brell.de\",\"https:\\\/\\\/x.com\\\/clausbrell5859\",\"https:\\\/\\\/www.youtube.com\\\/@clausbrell5859\"],\"url\":\"https:\\\/\\\/cbrell.de\\\/blog\\\/author\\\/clausb\\\/\"}]}<\/script>\n<!-- \/ Yoast SEO plugin. -->","yoast_head_json":{"title":"Ameisen kommunizieren mit Vibrationen - Bienen, Natur und Internet of Things","description":"Ameisen kommunizieren untereinander \u00fcber unterschiedliche Kan\u00e4le, auch \u00fcber substratgebundene K\u00f6rperschallsignale sprich Vibrationen.","robots":{"index":"index","follow":"follow","max-snippet":"max-snippet:-1","max-image-preview":"max-image-preview:large","max-video-preview":"max-video-preview:-1"},"canonical":"https:\/\/cbrell.de\/blog\/ameisen-kommunizieren-mit-vibrationen\/","og_locale":"de_DE","og_type":"article","og_title":"Ameisen kommunizieren mit Vibrationen - Bienen, Natur und Internet of Things","og_description":"Ameisen kommunizieren untereinander \u00fcber unterschiedliche Kan\u00e4le, auch \u00fcber substratgebundene K\u00f6rperschallsignale sprich Vibrationen.","og_url":"https:\/\/cbrell.de\/blog\/ameisen-kommunizieren-mit-vibrationen\/","og_site_name":"Bienen, Natur und Internet of Things","article_published_time":"2024-04-14T19:54:05+00:00","article_modified_time":"2024-04-14T20:53:22+00:00","og_image":[{"width":1024,"height":509,"url":"https:\/\/cbrell.de\/blog\/wp-content\/uploads\/2024\/04\/Blattschneiderameise-gezeichnet-nach-Hoelldobler.png","type":"image\/png"}],"author":"Claus Brell","twitter_card":"summary_large_image","twitter_creator":"@clausbrell5859","twitter_site":"@clausbrell","twitter_misc":{"Verfasst von":"Claus Brell","Gesch\u00e4tzte Lesezeit":"5\u00a0Minuten"},"schema":{"@context":"https:\/\/schema.org","@graph":[{"@type":"Article","@id":"https:\/\/cbrell.de\/blog\/ameisen-kommunizieren-mit-vibrationen\/#article","isPartOf":{"@id":"https:\/\/cbrell.de\/blog\/ameisen-kommunizieren-mit-vibrationen\/"},"author":{"name":"Claus Brell","@id":"https:\/\/cbrell.de\/blog\/#\/schema\/person\/7cf529e46faf1fd7b2b6942fec254c58"},"headline":"Ameisen kommunizieren mit Vibrationen","datePublished":"2024-04-14T19:54:05+00:00","dateModified":"2024-04-14T20:53:22+00:00","mainEntityOfPage":{"@id":"https:\/\/cbrell.de\/blog\/ameisen-kommunizieren-mit-vibrationen\/"},"wordCount":701,"commentCount":0,"image":{"@id":"https:\/\/cbrell.de\/blog\/ameisen-kommunizieren-mit-vibrationen\/#primaryimage"},"thumbnailUrl":"https:\/\/cbrell.de\/blog\/wp-content\/uploads\/2024\/04\/Blattschneiderameise-gezeichnet-nach-Hoelldobler.png","keywords":["Ameise","K\u00f6rperschall","Luftschall","Vibration"],"inLanguage":"de","potentialAction":[{"@type":"CommentAction","name":"Comment","target":["https:\/\/cbrell.de\/blog\/ameisen-kommunizieren-mit-vibrationen\/#respond"]}]},{"@type":"WebPage","@id":"https:\/\/cbrell.de\/blog\/ameisen-kommunizieren-mit-vibrationen\/","url":"https:\/\/cbrell.de\/blog\/ameisen-kommunizieren-mit-vibrationen\/","name":"Ameisen kommunizieren mit Vibrationen - Bienen, Natur und Internet of Things","isPartOf":{"@id":"https:\/\/cbrell.de\/blog\/#website"},"primaryImageOfPage":{"@id":"https:\/\/cbrell.de\/blog\/ameisen-kommunizieren-mit-vibrationen\/#primaryimage"},"image":{"@id":"https:\/\/cbrell.de\/blog\/ameisen-kommunizieren-mit-vibrationen\/#primaryimage"},"thumbnailUrl":"https:\/\/cbrell.de\/blog\/wp-content\/uploads\/2024\/04\/Blattschneiderameise-gezeichnet-nach-Hoelldobler.png","datePublished":"2024-04-14T19:54:05+00:00","dateModified":"2024-04-14T20:53:22+00:00","author":{"@id":"https:\/\/cbrell.de\/blog\/#\/schema\/person\/7cf529e46faf1fd7b2b6942fec254c58"},"description":"Ameisen kommunizieren untereinander \u00fcber unterschiedliche Kan\u00e4le, auch \u00fcber substratgebundene K\u00f6rperschallsignale sprich Vibrationen.","breadcrumb":{"@id":"https:\/\/cbrell.de\/blog\/ameisen-kommunizieren-mit-vibrationen\/#breadcrumb"},"inLanguage":"de","potentialAction":[{"@type":"ReadAction","target":["https:\/\/cbrell.de\/blog\/ameisen-kommunizieren-mit-vibrationen\/"]}]},{"@type":"ImageObject","inLanguage":"de","@id":"https:\/\/cbrell.de\/blog\/ameisen-kommunizieren-mit-vibrationen\/#primaryimage","url":"https:\/\/cbrell.de\/blog\/wp-content\/uploads\/2024\/04\/Blattschneiderameise-gezeichnet-nach-Hoelldobler.png","contentUrl":"https:\/\/cbrell.de\/blog\/wp-content\/uploads\/2024\/04\/Blattschneiderameise-gezeichnet-nach-Hoelldobler.png","width":1024,"height":509,"caption":"Das Bild zeigt eine Zeichnung einer Blattscheiderameise."},{"@type":"BreadcrumbList","@id":"https:\/\/cbrell.de\/blog\/ameisen-kommunizieren-mit-vibrationen\/#breadcrumb","itemListElement":[{"@type":"ListItem","position":1,"name":"Startseite","item":"https:\/\/cbrell.de\/blog\/"},{"@type":"ListItem","position":2,"name":"Ameisen kommunizieren mit Vibrationen"}]},{"@type":"WebSite","@id":"https:\/\/cbrell.de\/blog\/#website","url":"https:\/\/cbrell.de\/blog\/","name":"Bienen, Natur und Internet of Things","description":"Alles, was einfach ist. Von Claus Brell","potentialAction":[{"@type":"SearchAction","target":{"@type":"EntryPoint","urlTemplate":"https:\/\/cbrell.de\/blog\/?s={search_term_string}"},"query-input":{"@type":"PropertyValueSpecification","valueRequired":true,"valueName":"search_term_string"}}],"inLanguage":"de"},{"@type":"Person","@id":"https:\/\/cbrell.de\/blog\/#\/schema\/person\/7cf529e46faf1fd7b2b6942fec254c58","name":"Claus Brell","description":"Seit 2021 forsche ich an und mit Bienen (Digitalisierung der Imkerei) Seit 2012 Professur f\u00fcr Wirtschaftsinformatik an der Hochschue Niederrhein. Seit 1981 treibt mich die Frage um: Was haben Physik, Heavy Metal und Spiele miteinander zu tun? Drei m\u00f6gliche Antworten: {nichts | 42 | gleiche Hirnareale werden aktiviert}","sameAs":["http:\/\/claus-brell.de","https:\/\/x.com\/clausbrell5859","https:\/\/www.youtube.com\/@clausbrell5859"],"url":"https:\/\/cbrell.de\/blog\/author\/clausb\/"}]}},"_links":{"self":[{"href":"https:\/\/cbrell.de\/blog\/wp-json\/wp\/v2\/posts\/4385","targetHints":{"allow":["GET"]}}],"collection":[{"href":"https:\/\/cbrell.de\/blog\/wp-json\/wp\/v2\/posts"}],"about":[{"href":"https:\/\/cbrell.de\/blog\/wp-json\/wp\/v2\/types\/post"}],"author":[{"embeddable":true,"href":"https:\/\/cbrell.de\/blog\/wp-json\/wp\/v2\/users\/1"}],"replies":[{"embeddable":true,"href":"https:\/\/cbrell.de\/blog\/wp-json\/wp\/v2\/comments?post=4385"}],"version-history":[{"count":5,"href":"https:\/\/cbrell.de\/blog\/wp-json\/wp\/v2\/posts\/4385\/revisions"}],"predecessor-version":[{"id":4391,"href":"https:\/\/cbrell.de\/blog\/wp-json\/wp\/v2\/posts\/4385\/revisions\/4391"}],"wp:featuredmedia":[{"embeddable":true,"href":"https:\/\/cbrell.de\/blog\/wp-json\/wp\/v2\/media\/4388"}],"wp:attachment":[{"href":"https:\/\/cbrell.de\/blog\/wp-json\/wp\/v2\/media?parent=4385"}],"wp:term":[{"taxonomy":"category","embeddable":true,"href":"https:\/\/cbrell.de\/blog\/wp-json\/wp\/v2\/categories?post=4385"},{"taxonomy":"post_tag","embeddable":true,"href":"https:\/\/cbrell.de\/blog\/wp-json\/wp\/v2\/tags?post=4385"}],"curies":[{"name":"wp","href":"https:\/\/api.w.org\/{rel}","templated":true}]}}