{"id":3125,"date":"2022-12-18T22:58:55","date_gmt":"2022-12-18T21:58:55","guid":{"rendered":"https:\/\/cbrell.de\/blog\/?p=3125"},"modified":"2022-12-18T22:58:55","modified_gmt":"2022-12-18T21:58:55","slug":"lehrpreis-2022-lehrkonzept-zur-nominierung","status":"publish","type":"post","link":"https:\/\/cbrell.de\/blog\/lehrpreis-2022-lehrkonzept-zur-nominierung\/","title":{"rendered":"Lehrpreis 2022 &#8211; schriftliches Lehrveranstaltungskonzept zur Nominierung"},"content":{"rendered":"<p><em>Studierenden hatten meine Lehrveranstaltung &#8222;Qualitative Methoden der WI und Gesch\u00e4ftsprozesse&#8220; f\u00fcr den Lehrpreis 2022 vorgeschlagen. Im Folgenden m\u00f6chte ich den Text f\u00fcr die Bewerbung teilen &#8211; zuk\u00fcnftige Studierende k\u00f6nnen sich so ein Bild meiner Veranstaltung vorab machen. Der Text orientiert sich an den &#8222;Leitfragen&#8220;, die von der Lehrpreiskommission vorgegeben waren.<\/em><\/p>\n<p>18.12.2022<\/p>\n<table width=\"621\">\n<tbody>\n<tr>\n<td width=\"621\">\n<h2><strong>1. Lehr- bzw. Betreuungskonzept und Transferpotenzial<\/strong><\/h2>\n<h3>Was zeichnet die Veranstaltung \/ das Lehrprojekt \/ das Betreuungskonzept aus?<\/h3>\n<p><em>Lehrveranstaltung:<\/em> Der Studiengang Cyber Security Management ist neu und tr\u00e4gt durch sein \u00fcberproportionales Wachstum ma\u00dfgeblich zum Erhalt der Studierendenzahlen der Hochschule bei. Erst k\u00fcrzlich wurde mit dem NRW-Inneministerium eine Vereinbarung zur Unterst\u00fctzung der Polizei durch den Studiengang geschlossen. Der Studiengang startete im ersten Corona-Jahr rein online, geplant waren 35 Einschreibungen je Semester. Zum Wintersemester 2022 haben sich nun \u00fcber 180 Menschen neu eingeschrieben \u2013 das ist eine Herausforderung. Die Studierenden haben jetzt zum ersten Mal ein Pr\u00e4senzsemester.<\/p>\n<p><em>Lehrprojekt:<\/em> Meine Konzeption meiner Lehrveranstaltungen richtet sich von Beginn an daran aus, dass \u2026<\/p>\n<p>1. \u2026<strong>flexibel<\/strong> und notfalls im Wochen-Rythmus ein Wechsel zwischen <strong>Pr\u00e4senz oder Online-Formaten<\/strong> (zoom) m\u00f6glich ist. Im ersten Corona- Semester hatten wir noch kein zoom und so wurde ein weiterer Weg \u00fcber youtube-Livestream unterst\u00fctzt durch einen selbstprogrammierten Chat bestritten. Damit ist nun eine gr\u00f6\u00dftm\u00f6gliche <strong>Resilienz<\/strong> und Unabh\u00e4ngigkeit von einer konkreten Technikl\u00f6sung erreicht.<\/p>\n<p>2. \u2026<strong>ubiquit\u00e4res Lernen<\/strong> je nach Lernertyp m\u00f6glich ist. Alle Inhalte stehen i.d.R in <strong>drei unterschiedlichen Formaten<\/strong> redundant zur Verf\u00fcgung:<br \/>\n2a. Seminaristische Vorlesung mit <strong>eingebetteten Live-\u00dcbungen<\/strong> in Kleingruppen im H\u00f6rsaal oder Breakout-Sessions \u2013 das adressiert Studierende, die eine intensive Lernbegleitung w\u00fcnschen.<br \/>\n2b. Videosequenzen. Sie erm\u00f6glichen das zeitlich selbstbestimmte Lernen und angeleitete Lernen mit meinen Foliens\u00e4tzen (<a href=\"https:\/\/cbrell.de\/blog\/videos-zur-wirtschaftsinformatik-modellierung\/\">https:\/\/cbrell.de\/blog\/videos-zur-wirtschaftsinformatik-modellierung\/<\/a>)<br \/>\n2c. Ausformulierte Texte auf meinem Blog. Das adressiert Menschen, die lieber in eigenem Tempo lesen und gerne autodidaktisch arbeiten.<\/p>\n<p>3. \u2026einfacher Zugang m\u00f6glich ist: Zentraler Anlaufpunkt f\u00fcr die Studierenden ist die Lernplattform Moodle (Modulkennwort \u201ebrell\u201c, <a href=\"https:\/\/moodle.hsnr.de\/course\/view.php?id=4132\">https:\/\/moodle.hsnr.de\/course\/view.php?id=4132<\/a> ). Moodle dient der Koordination und der Organisation des Lehr-Lerngeschehens. F\u00fcr die Ablage der Lernmaterialien dient die Campus-Cloud Sciebo erg\u00e4nzt durch meinen Blog (<a href=\"https:\/\/cbrell.de\/blog\/qualitative-methoden-der-wi-und-geschaeftsprozesse-lehr-und-lernmaterialien-fuer-bcsm104\/\">https:\/\/cbrell.de\/blog\/qualitative-methoden-der-wi-und-geschaeftsprozesse-lehr-und-lernmaterialien-fuer-bcsm104\/<\/a> ) und youtube f\u00fcr meine Videos. Wichtig ist die Pr\u00e4misse: keine k\u00fcnstlichen Lernh\u00fcrden durch schwer zu bedienende Lernumgebungen, alles so einfach zug\u00e4nglich wie m\u00f6glich (alle meine Unterlagen sind frei verf\u00fcgbar im Internet, gerne werden sie z.B. von Lehrkr\u00e4ften an berufsbildenden Schulen genutzt.)<\/p>\n<p>Dieses Konzept verwende ich im Grundsatz in fast allen meinen Modulen, es ist somit nicht modulspezifisch.<\/p>\n<p>Meine Unterlagen werden teilweise (speziell die Lernsequenz Datenhaltung und Datenmodellierung) im OER-Konzept der Hochschule, konkret im Data-Literacy-Baukasten, verwendet.<\/p>\n<p>4. \u2026ein Bezug zur Praxisorientierung und zur Forschung deutlich wird. Hierzu setze ich lebensnahe Fallstudien ein (<a href=\"https:\/\/cbrell.de\/blog\/?s=fallstudien\">https:\/\/cbrell.de\/blog\/?s=fallstudien<\/a> ), ebenso nutze ich viel Beispiele aus meinen beiden gef\u00f6rderten Bienenprojekten Biene40 (<a href=\"http:\/\/bieneviernull.de\">http:\/\/bieneviernull.de<\/a>) und AI4Bee (<a href=\"https:\/\/ai4bee.de\">https:\/\/ai4bee.de<\/a>)<\/p>\n<p>5. \u2026die Pr\u00fcfung nicht angstbesetzt ist. Auch in dieser mit 180 Anmeldungen gut besetzten Veranstaltung setze ich auf Hausarbeiten, ein Teil (75%) davon kann, muss aber nicht in zwei-Personen-Teams absolviert werden. Zur feineren Leistungsdiagnostik ist der andere Teil (25%) eine Einzelleistung. Auch anderen Modulen hat sich deutlich und mit Zahlen belegbar gezeigt, dass Studierende so ein Pr\u00fcfungs-Angebot sch\u00e4tzen<\/p>\n<p><em>Betreuungskonzept:<\/em> Wichtigste Komponente ist, f\u00fcr die Studierenden da zu sein. Nach der Veranstaltung (nachmittags) ist Zeit und Raum, auch Aspekte zu diskutieren, die nicht direkt zur Lehrveranstaltung geh\u00f6ren. Einige der Studierenden im ersten Semester, die noch Orientierung ben\u00f6tigen, nehmen das Angebot gerne an. Studierende sind als Lerner und als Menschen unterschiedlich. Ich bem\u00fche mich, sie in dieser Unterschiedlichkeit an- und ernst zunehmen.<br \/>\nZweitwichtigste Komponente ist die Vernetzung der Studierenden untereinander. Hierzu bef\u00f6rdere ich die Bildung von (gro\u00dfen) Interaktionsgruppen, neuerdings auch \u00fcber WhatsApp. Die letzten neun Jahre haben gezeigt, dass untereinander vernetzte Studierende weniger organisatorische Schwierigkeiten haben \u2013 und auch dem Dozenten Arbeit ersparen.<br \/>\nDie weniger gut vernetzten Studierenden nehmen mein Angebot der schnellen Mail-Kommunikation \u2013 auch am Wochenende \u2013 an.<\/p>\n<h3>Welche Lernziele erreichen Sie mit Ihrem Vorhaben? Welche Kompetenzen der Studierenden werden gef\u00f6rdert?<\/h3>\n<p><em>Lernziele:<\/em> Studierende in diesem Modul lernen eine gro\u00dfe Bandbreite der Methoden der Wirtschaftsinformatik kennen und \u00fcben sie gleich in einfachen lebensnahen Szenarien ein. Wichtig ist, dass Studierende die Methoden nicht als disjunkte Tools wahrnehmen, sondern sich den Zusammenhang erarbeiten.<\/p>\n<h3>Mit Hilfe welcher Medien und Methoden setzten Sie Ihre Ziele f\u00fcr die Lehre \/ f\u00fcr die Beratung um?<\/h3>\n<p><em>Medien<\/em> sind immer der Dreiklang aus Lehrveranstaltung mit aktiven kollaborativen Phasen der Studierenden, Videokonserven und ausformulierten Texten zum Nach- und Selberlernen.<\/p>\n<p>Die Lehrmethodik basiert auf einem konstruktivistischem Ansatz und folgt dem Vorgehen Zeigen-&gt;Nachmachen-&gt;Selbermachen-&gt;\u00dcbertragen.<\/p>\n<h3>Wie stellen Sie einen Praxisbezug oder ein Bezug zum sp\u00e4teren Beruf her?<\/h3>\n<p>Die Berufsfelder \u2013 und <strong>Berufsw\u00fcnsche<\/strong> \u2013 der Studierenden in diesem Modul sind sehr vielf\u00e4ltig und nicht auf Cyber Security beschr\u00e4nkt. In meiner Entrepreneurship-Sequenzen \u00f6ffne ich den Blick der Studierenden f\u00fcr eine <strong>eigene Gr\u00fcndung<\/strong> &#8211; mein eigenes Unternehmen dient hier als Fallbeispiel. Ebenso nutze ich meine Kontakte zur M\u00f6nchengladbacher Gr\u00fcnderszene (Blauschmiede etc.) und versuche, die Studierenden in die Gr\u00fcnder-Netzwerktreffen einzubinden. Den <strong>Bezug zur Informationssicherheit<\/strong> kann ich in zahlreichen Beispielen aus meiner fr\u00fcheren T\u00e4tigkeit in der Landesverwaltung NRW herstellen.<\/p>\n<h3>Woran erkennen Sie, dass die Ziele, die Sie adressieren wollen, erreicht wurden<\/h3>\n<p><em>Zielerreichung:<\/em> Ein wichtiges Instrument ist die <strong>Lehrevaluierung<\/strong>, hier insbesondere die Freitextantworten der Studierenden. Die Ideen hieraus nutze ich zur kontinuierlichen Verbesserung meiner Lehrveranstaltung. Zudem bem\u00fche ich mich um einen unmittelbaren Dialog mit den Studierenden.<\/p>\n<h3>Auf welche Weise ber\u00fccksichtigt die Veranstaltung \/ Ihr Lehrprojekt \/ Ihr Betreuungskonzept unterschiedliche Kenntnisse und Vorerfahrungen der Studierenden?<\/h3>\n<p>Nach etwa 40 Minuten Vorlesung folgte jeweils eine kleine Arbeitsphase, in der die Studierenden in Kleingruppen (bis zu zehn in Breakout-Sessions, bis zu sechs bei H\u00f6rsaal-\u00dcbungen) das soeben behandelte ein\u00fcben. Ich \u201espringe\u201c dabei von Gruppe zu Gruppe, korrigiere Fehlentwicklungen und gebe Anregungen. Hier erkenne ich unmittelbar, wo noch Schwierigkeiten sind oder ob die Studierenden meinen Inhalten folgen konnten. Ebenso zeigt sich, dass innerhalb der Gruppen schnell eine Leistungsangleichung \u201enach oben\u201c erfolgt.<\/p>\n<h3>Inwiefern l\u00e4sst sich Ihre Lehrveranstaltung \/ Ihr Lehrprojekt \/ Ihr Betreuungskonzept auf andere Lehrveranstaltungen im Fachbereich bzw. in der Hochschule \u00fcbertragen bzw. kann erstelltes Material von anderen Lehrenden genutzt werden?<\/h3>\n<p><em>Lehrprojekt \u00fcbertragen:<\/em> Die grundlegenden Konzepte sind einfach und k\u00f6nnen sofort auch in Gro\u00dfveranstaltungen eingesetzt werden. Das Wesentliche ist die Grundhaltung, die Lernenden in den Mittelpunkt zu stellen. Es sei warnend angemerkt, dass dabei der Einsatz der Lehrkraft als Person und Mensch nicht unerheblich ist.<\/p>\n<p><em>Material nutzen:<\/em> Alle meine Materialien k\u00f6nnen (gerne) frei und von jedem genutzt werden. Eine Zweitnutzung in der Hochschule erfolgt schon, meine Materialien werden unter CA-BY-Lizenz seit August 2022 im Data-Literacy-Baukasten eingesetzt*. Lehr-Lernmaterialien sollten allerdings spezifisch zum Dozenten passen, das geht am besten, wenn sie selbst erstellt sind. Wer mag, kann ALLE meine Folien herunterladen und f\u00fcr eigene Zwecke anpassen (<a href=\"https:\/\/hs-niederrhein.sciebo.de\/s\/b3bSf9DnpQgtko5\">https:\/\/hs-niederrhein.sciebo.de\/s\/b3bSf9DnpQgtko5<\/a> )<br \/>\n(*) Die Data-Awareness-Rallye nutze ich selber als \u201eFremdangebot\u201c im berufsbegleitenden betriebswirtschaftlichen Studiengang.<\/p>\n<p>&nbsp;<\/td>\n<\/tr>\n<tr>\n<td width=\"621\">\n<h2><strong>2.\u00a0\u00a0\u00a0\u00a0 <\/strong><strong>Studierendenaktivit\u00e4t<\/strong><\/h2>\n<h3>Wie motivieren Sie die Studierenden zur Aktivit\u00e4t? Wie st\u00e4rken Sie die Eigenverantwortung der Studierenden?<\/h3>\n<p>Das ist in der Tat eine Herausforderung, die Bereitschaft zur Eigenverantwortung scheint kontinuierlich abzunehmen.<br \/>\nDie <strong>Aktivierung im H\u00f6rsaal<\/strong> gelingt nach eher kleinen Startschwierigkeiten i.d.R. gut mit kleinen \u00dcbungssequenzen\u2013 die Studierenden nehmen die \u00dcbungssequenzen gerne an.<br \/>\nIm Plenumsdialog ermittle ich die Interessen der Studierenden. Oft sind Computerspiele oder die Nutzung von Sozial Media ein geeignetes thematisches Feld, wichtig ist, an die Lebenswelt der Studierenden \u201eanzudocken\u201c.<\/p>\n<h3>\u00a0Wie und in welchem Umfang erhalten die Studierenden individuelle R\u00fcckmeldung zu ihrem Lernfortschritt von Ihnen?<\/h3>\n<p>In diesem Modul ist eine individuelle R\u00fcckmeldung bei der gro\u00dfen Anzahl explizit nur in Einzelf\u00e4llen m\u00f6glich (manche Studierenden schicken mir ihre Ausarbeitung und bitten um Feedback). Die R\u00fcckmeldung erfolgt \u00fcber die Gruppenarbeiten \u2013 nach Ende einer Sequenz stelle ich einige Gruppenergebnisse dar und kommentiere sie so \u201ewie auch eine Kommentierung in einer Pr\u00fcfungsleistung aussieht\u201c<\/p>\n<h3>Wie gestalten Sie Ihre Interaktion mit den Studierenden?<\/h3>\n<p>Zun\u00e4chst nehme ich den Studierenden die Scheu, mich anzusprechen. Das funktioniert meist gut und schnell. Als Mensch begegne ich den Studierenden auf Augenh\u00f6he und versuche, Verbindungen meiner Lehrinhalte zum Erfahrungskontext der Studierenden herzustellen. Im H\u00f6rsaal funktioniert das gut.<\/p>\n<p>Die Studierenden haben keine Scheu, mich via Mail zu kontaktieren. Lediglich dem Wunsch der Studierenden, mich bei World of Warcraft ingame zu treffen, habe ich bislang nicht entsprochen.<\/td>\n<\/tr>\n<tr>\n<td width=\"621\">\n<h2><strong>3.\u00a0\u00a0\u00a0\u00a0 <\/strong><strong>Selbstverst\u00e4ndnis als Lehrperson<\/strong><\/h2>\n<h3>Wie w\u00fcrden Sie Ihre Rolle als Lehrperson beschreiben? Worauf kommt es Ihnen an im Umgang mit Studierenden?<\/h3>\n<p><strong>Augenh\u00f6he<\/strong> als Mensch und Ernstnehmen der Studierenden in ihrer Unterschiedlichkeit kennzeichnen meine eigene Rollensicht. Bezogen auf Inhalte sehe ich mich als <strong>Kurator und Wegweiser<\/strong>. Es geht mir weniger darum, viele komplexe Inhalte zu vermitteln, sondern die Kompetenz der Studierenden zu st\u00e4rken, die <strong>einfachen Inhalte auch anwenden <\/strong>zu k\u00f6nnen.<\/p>\n<h3>Inwiefern und auf welcher Grundlage entwickeln Sie Ihre Lehre \/ die fragliche Lehrveranstaltung \/ Ihr Betreuungskonzept weiter?<\/h3>\n<p><em>Inhaltlich:<\/em> Es kommen neue Inhalte hinzu, andere werden obsolet. Durch meine Forschungsprojekte und die Kommunikation insbesondere mit Gr\u00fcndern erfahre ich, welche Inhalte aktuell wichtig sind.<br \/>\n<em>Lehrprozess:<\/em> Zur st\u00e4ndigen Weiterentwicklung des Lehr-Lernprozessen nutze ich die <strong>Evaluierung.<\/strong> Hin und wieder setze ich eigenentwickelte (online-)Befragungen der Studierenden ein.<br \/>\n<em>Grunds\u00e4tzlich:<\/em> Vielleicht ist mein eigenes Selbstverst\u00e4ndnis gar nicht so wichtig \u2013 die Friedh\u00f6fe sind voll von unverzichtbaren Personen. Wichtig ist, dass die Studierenden erm\u00e4chtigt werden, sp\u00e4ter auch ohne mich ihre Kenntnisse zu vertiefen.<\/p>\n<p>Das Poster zur Bewerbung: <a href=\"https:\/\/cbrell.de\/blog\/wp-content\/uploads\/2022\/12\/Poster-Brell-Lehrpreis2022-Bewerbung-OHNE-TON.pdf\">Poster-Brell-Lehrpreis2022-Bewerbung-OHNE-TON<\/a><\/td>\n<\/tr>\n<\/tbody>\n<\/table>\n<p><img decoding=\"async\" src=\"https:\/\/cbrell.de\/zaehler?x=4585\" \/><\/p>\n<div class=\"shariff shariff-align-flex-start shariff-widget-align-flex-start\" data-services=\"facebook\" data-url=\"https%3A%2F%2Fcbrell.de%2Fblog%2Flehrpreis-2022-lehrkonzept-zur-nominierung%2F\" data-timestamp=\"1671404335\" data-backendurl=\"https:\/\/cbrell.de\/blog\/wp-json\/shariff\/v1\/share_counts?\"><div class=\"ShariffHeadline\">Teile diesen Beitrag.<\/div><ul class=\"shariff-buttons theme-round orientation-horizontal buttonsize-medium\"><li class=\"shariff-button twitter shariff-nocustomcolor\" style=\"background-color:#32bbf5\"><a href=\"https:\/\/twitter.com\/share?url=https%3A%2F%2Fcbrell.de%2Fblog%2Flehrpreis-2022-lehrkonzept-zur-nominierung%2F&text=Lehrpreis%202022%20%E2%80%93%20schriftliches%20Lehrveranstaltungskonzept%20zur%20Nominierung\" title=\"Bei Twitter teilen\" aria-label=\"Bei Twitter teilen\" role=\"button\" rel=\"noopener nofollow\" class=\"shariff-link\" style=\"; background-color:#55acee; color:#fff\" target=\"_blank\"><span class=\"shariff-icon\" style=\"\"><svg width=\"32px\" height=\"20px\" xmlns=\"http:\/\/www.w3.org\/2000\/svg\" viewBox=\"0 0 30 32\"><path fill=\"#55acee\" d=\"M29.7 6.8q-1.2 1.8-3 3.1 0 0.3 0 0.8 0 2.5-0.7 4.9t-2.2 4.7-3.5 4-4.9 2.8-6.1 1q-5.1 0-9.3-2.7 0.6 0.1 1.5 0.1 4.3 0 7.6-2.6-2-0.1-3.5-1.2t-2.2-3q0.6 0.1 1.1 0.1 0.8 0 1.6-0.2-2.1-0.4-3.5-2.1t-1.4-3.9v-0.1q1.3 0.7 2.8 0.8-1.2-0.8-2-2.2t-0.7-2.9q0-1.7 0.8-3.1 2.3 2.8 5.5 4.5t7 1.9q-0.2-0.7-0.2-1.4 0-2.5 1.8-4.3t4.3-1.8q2.7 0 4.5 1.9 2.1-0.4 3.9-1.5-0.7 2.2-2.7 3.4 1.8-0.2 3.5-0.9z\"\/><\/svg><\/span><\/a><\/li><li class=\"shariff-button facebook shariff-nocustomcolor\" style=\"background-color:#4273c8\"><a href=\"https:\/\/www.facebook.com\/sharer\/sharer.php?u=https%3A%2F%2Fcbrell.de%2Fblog%2Flehrpreis-2022-lehrkonzept-zur-nominierung%2F\" title=\"Bei Facebook teilen\" aria-label=\"Bei Facebook teilen\" role=\"button\" rel=\"nofollow\" class=\"shariff-link\" style=\"; background-color:#3b5998; color:#fff\" target=\"_blank\"><span class=\"shariff-icon\" style=\"\"><svg width=\"32px\" height=\"20px\" xmlns=\"http:\/\/www.w3.org\/2000\/svg\" viewBox=\"0 0 18 32\"><path fill=\"#3b5998\" d=\"M17.1 0.2v4.7h-2.8q-1.5 0-2.1 0.6t-0.5 1.9v3.4h5.2l-0.7 5.3h-4.5v13.6h-5.5v-13.6h-4.5v-5.3h4.5v-3.9q0-3.3 1.9-5.2t5-1.8q2.6 0 4.1 0.2z\"\/><\/svg><\/span><\/a><\/li><li class=\"shariff-button linkedin shariff-nocustomcolor\" style=\"background-color:#1488bf\"><a href=\"https:\/\/www.linkedin.com\/sharing\/share-offsite\/?url=https%3A%2F%2Fcbrell.de%2Fblog%2Flehrpreis-2022-lehrkonzept-zur-nominierung%2F\" title=\"Bei LinkedIn teilen\" aria-label=\"Bei LinkedIn teilen\" role=\"button\" rel=\"noopener nofollow\" class=\"shariff-link\" style=\"; background-color:#0077b5; color:#fff\" target=\"_blank\"><span class=\"shariff-icon\" style=\"\"><svg width=\"32px\" height=\"20px\" xmlns=\"http:\/\/www.w3.org\/2000\/svg\" viewBox=\"0 0 27 32\"><path fill=\"#0077b5\" d=\"M6.2 11.2v17.7h-5.9v-17.7h5.9zM6.6 5.7q0 1.3-0.9 2.2t-2.4 0.9h0q-1.5 0-2.4-0.9t-0.9-2.2 0.9-2.2 2.4-0.9 2.4 0.9 0.9 2.2zM27.4 18.7v10.1h-5.9v-9.5q0-1.9-0.7-2.9t-2.3-1.1q-1.1 0-1.9 0.6t-1.2 1.5q-0.2 0.5-0.2 1.4v9.9h-5.9q0-7.1 0-11.6t0-5.3l0-0.9h5.9v2.6h0q0.4-0.6 0.7-1t1-0.9 1.6-0.8 2-0.3q3 0 4.9 2t1.9 6z\"\/><\/svg><\/span><\/a><\/li><\/ul><\/div>","protected":false},"excerpt":{"rendered":"<p>Studierenden hatten meine Lehrveranstaltung &#8222;Qualitative Methoden der WI und Gesch\u00e4ftsprozesse&#8220; f\u00fcr den Lehrpreis 2022 vorgeschlagen. Im Folgenden m\u00f6chte ich den Text f\u00fcr die Bewerbung teilen &#8211; zuk\u00fcnftige Studierende k\u00f6nnen sich &#8230;<\/p>\n","protected":false},"author":1,"featured_media":0,"comment_status":"open","ping_status":"closed","sticky":false,"template":"","format":"standard","meta":{"footnotes":""},"categories":[1],"tags":[771,770,769,772],"class_list":["post-3125","post","type-post","status-publish","format-standard","hentry","category-allgemein","tag-angstfrei","tag-heterogenitaet","tag-lehrpreis","tag-ubiquitaeres-lernen"],"yoast_head":"<!-- This site is optimized with the Yoast SEO plugin v27.4 - https:\/\/yoast.com\/product\/yoast-seo-wordpress\/ -->\n<title>Lehrpreis 2022 - schriftliches Lehrveranstaltungskonzept zur Nominierung<\/title>\n<meta name=\"description\" content=\"Studierenden hatten meine Lehrveranstaltung &quot;Qualitative Methoden der WI und Gesch\u00e4ftsprozesse&quot; f\u00fcr den Lehrpreis 2022 vorgeschlagen.\" \/>\n<meta name=\"robots\" content=\"index, follow, max-snippet:-1, max-image-preview:large, max-video-preview:-1\" \/>\n<link rel=\"canonical\" href=\"https:\/\/cbrell.de\/blog\/lehrpreis-2022-lehrkonzept-zur-nominierung\/\" \/>\n<meta property=\"og:locale\" content=\"de_DE\" \/>\n<meta property=\"og:type\" content=\"article\" \/>\n<meta property=\"og:title\" content=\"Lehrpreis 2022 - schriftliches Lehrveranstaltungskonzept zur Nominierung\" \/>\n<meta property=\"og:description\" content=\"Studierenden hatten meine Lehrveranstaltung &quot;Qualitative Methoden der WI und Gesch\u00e4ftsprozesse&quot; f\u00fcr den Lehrpreis 2022 vorgeschlagen.\" \/>\n<meta property=\"og:url\" content=\"https:\/\/cbrell.de\/blog\/lehrpreis-2022-lehrkonzept-zur-nominierung\/\" \/>\n<meta property=\"og:site_name\" content=\"Bienen, Natur und Internet of Things\" \/>\n<meta property=\"article:published_time\" content=\"2022-12-18T21:58:55+00:00\" \/>\n<meta property=\"og:image\" content=\"https:\/\/cbrell.de\/zaehler\" \/>\n<meta name=\"author\" content=\"Claus Brell\" \/>\n<meta name=\"twitter:card\" content=\"summary_large_image\" \/>\n<meta name=\"twitter:creator\" content=\"@clausbrell5859\" \/>\n<meta name=\"twitter:site\" content=\"@clausbrell\" \/>\n<meta name=\"twitter:label1\" content=\"Verfasst von\" \/>\n\t<meta name=\"twitter:data1\" content=\"Claus Brell\" \/>\n\t<meta name=\"twitter:label2\" content=\"Gesch\u00e4tzte Lesezeit\" \/>\n\t<meta name=\"twitter:data2\" content=\"9\u00a0Minuten\" \/>\n<script type=\"application\/ld+json\" class=\"yoast-schema-graph\">{\"@context\":\"https:\\\/\\\/schema.org\",\"@graph\":[{\"@type\":\"Article\",\"@id\":\"https:\\\/\\\/cbrell.de\\\/blog\\\/lehrpreis-2022-lehrkonzept-zur-nominierung\\\/#article\",\"isPartOf\":{\"@id\":\"https:\\\/\\\/cbrell.de\\\/blog\\\/lehrpreis-2022-lehrkonzept-zur-nominierung\\\/\"},\"author\":{\"name\":\"Claus Brell\",\"@id\":\"https:\\\/\\\/cbrell.de\\\/blog\\\/#\\\/schema\\\/person\\\/7cf529e46faf1fd7b2b6942fec254c58\"},\"headline\":\"Lehrpreis 2022 &#8211; schriftliches Lehrveranstaltungskonzept zur Nominierung\",\"datePublished\":\"2022-12-18T21:58:55+00:00\",\"mainEntityOfPage\":{\"@id\":\"https:\\\/\\\/cbrell.de\\\/blog\\\/lehrpreis-2022-lehrkonzept-zur-nominierung\\\/\"},\"wordCount\":1588,\"commentCount\":0,\"image\":{\"@id\":\"https:\\\/\\\/cbrell.de\\\/blog\\\/lehrpreis-2022-lehrkonzept-zur-nominierung\\\/#primaryimage\"},\"thumbnailUrl\":\"https:\\\/\\\/cbrell.de\\\/zaehler\",\"keywords\":[\"angstfrei\",\"Heterogenit\u00e4t\",\"Lehrpreis\",\"ubiquit\u00e4res Lernen\"],\"inLanguage\":\"de\",\"potentialAction\":[{\"@type\":\"CommentAction\",\"name\":\"Comment\",\"target\":[\"https:\\\/\\\/cbrell.de\\\/blog\\\/lehrpreis-2022-lehrkonzept-zur-nominierung\\\/#respond\"]}]},{\"@type\":\"WebPage\",\"@id\":\"https:\\\/\\\/cbrell.de\\\/blog\\\/lehrpreis-2022-lehrkonzept-zur-nominierung\\\/\",\"url\":\"https:\\\/\\\/cbrell.de\\\/blog\\\/lehrpreis-2022-lehrkonzept-zur-nominierung\\\/\",\"name\":\"Lehrpreis 2022 - schriftliches Lehrveranstaltungskonzept zur Nominierung\",\"isPartOf\":{\"@id\":\"https:\\\/\\\/cbrell.de\\\/blog\\\/#website\"},\"primaryImageOfPage\":{\"@id\":\"https:\\\/\\\/cbrell.de\\\/blog\\\/lehrpreis-2022-lehrkonzept-zur-nominierung\\\/#primaryimage\"},\"image\":{\"@id\":\"https:\\\/\\\/cbrell.de\\\/blog\\\/lehrpreis-2022-lehrkonzept-zur-nominierung\\\/#primaryimage\"},\"thumbnailUrl\":\"https:\\\/\\\/cbrell.de\\\/zaehler\",\"datePublished\":\"2022-12-18T21:58:55+00:00\",\"author\":{\"@id\":\"https:\\\/\\\/cbrell.de\\\/blog\\\/#\\\/schema\\\/person\\\/7cf529e46faf1fd7b2b6942fec254c58\"},\"description\":\"Studierenden hatten meine Lehrveranstaltung \\\"Qualitative Methoden der WI und Gesch\u00e4ftsprozesse\\\" f\u00fcr den Lehrpreis 2022 vorgeschlagen.\",\"breadcrumb\":{\"@id\":\"https:\\\/\\\/cbrell.de\\\/blog\\\/lehrpreis-2022-lehrkonzept-zur-nominierung\\\/#breadcrumb\"},\"inLanguage\":\"de\",\"potentialAction\":[{\"@type\":\"ReadAction\",\"target\":[\"https:\\\/\\\/cbrell.de\\\/blog\\\/lehrpreis-2022-lehrkonzept-zur-nominierung\\\/\"]}]},{\"@type\":\"ImageObject\",\"inLanguage\":\"de\",\"@id\":\"https:\\\/\\\/cbrell.de\\\/blog\\\/lehrpreis-2022-lehrkonzept-zur-nominierung\\\/#primaryimage\",\"url\":\"https:\\\/\\\/cbrell.de\\\/zaehler\",\"contentUrl\":\"https:\\\/\\\/cbrell.de\\\/zaehler\"},{\"@type\":\"BreadcrumbList\",\"@id\":\"https:\\\/\\\/cbrell.de\\\/blog\\\/lehrpreis-2022-lehrkonzept-zur-nominierung\\\/#breadcrumb\",\"itemListElement\":[{\"@type\":\"ListItem\",\"position\":1,\"name\":\"Startseite\",\"item\":\"https:\\\/\\\/cbrell.de\\\/blog\\\/\"},{\"@type\":\"ListItem\",\"position\":2,\"name\":\"Lehrpreis 2022 &#8211; schriftliches Lehrveranstaltungskonzept zur Nominierung\"}]},{\"@type\":\"WebSite\",\"@id\":\"https:\\\/\\\/cbrell.de\\\/blog\\\/#website\",\"url\":\"https:\\\/\\\/cbrell.de\\\/blog\\\/\",\"name\":\"Bienen, Natur und Internet of Things\",\"description\":\"Alles, was einfach ist. Von Claus Brell\",\"potentialAction\":[{\"@type\":\"SearchAction\",\"target\":{\"@type\":\"EntryPoint\",\"urlTemplate\":\"https:\\\/\\\/cbrell.de\\\/blog\\\/?s={search_term_string}\"},\"query-input\":{\"@type\":\"PropertyValueSpecification\",\"valueRequired\":true,\"valueName\":\"search_term_string\"}}],\"inLanguage\":\"de\"},{\"@type\":\"Person\",\"@id\":\"https:\\\/\\\/cbrell.de\\\/blog\\\/#\\\/schema\\\/person\\\/7cf529e46faf1fd7b2b6942fec254c58\",\"name\":\"Claus Brell\",\"description\":\"Seit 2021 forsche ich an und mit Bienen (Digitalisierung der Imkerei) Seit 2012 Professur f\u00fcr Wirtschaftsinformatik an der Hochschue Niederrhein. Seit 1981 treibt mich die Frage um: Was haben Physik, Heavy Metal und Spiele miteinander zu tun? Drei m\u00f6gliche Antworten: {nichts | 42 | gleiche Hirnareale werden aktiviert}\",\"sameAs\":[\"http:\\\/\\\/claus-brell.de\",\"https:\\\/\\\/x.com\\\/clausbrell5859\",\"https:\\\/\\\/www.youtube.com\\\/@clausbrell5859\"],\"url\":\"https:\\\/\\\/cbrell.de\\\/blog\\\/author\\\/clausb\\\/\"}]}<\/script>\n<!-- \/ Yoast SEO plugin. -->","yoast_head_json":{"title":"Lehrpreis 2022 - schriftliches Lehrveranstaltungskonzept zur Nominierung","description":"Studierenden hatten meine Lehrveranstaltung \"Qualitative Methoden der WI und Gesch\u00e4ftsprozesse\" f\u00fcr den Lehrpreis 2022 vorgeschlagen.","robots":{"index":"index","follow":"follow","max-snippet":"max-snippet:-1","max-image-preview":"max-image-preview:large","max-video-preview":"max-video-preview:-1"},"canonical":"https:\/\/cbrell.de\/blog\/lehrpreis-2022-lehrkonzept-zur-nominierung\/","og_locale":"de_DE","og_type":"article","og_title":"Lehrpreis 2022 - schriftliches Lehrveranstaltungskonzept zur Nominierung","og_description":"Studierenden hatten meine Lehrveranstaltung \"Qualitative Methoden der WI und Gesch\u00e4ftsprozesse\" f\u00fcr den Lehrpreis 2022 vorgeschlagen.","og_url":"https:\/\/cbrell.de\/blog\/lehrpreis-2022-lehrkonzept-zur-nominierung\/","og_site_name":"Bienen, Natur und Internet of Things","article_published_time":"2022-12-18T21:58:55+00:00","og_image":[{"url":"https:\/\/cbrell.de\/zaehler","type":"","width":"","height":""}],"author":"Claus Brell","twitter_card":"summary_large_image","twitter_creator":"@clausbrell5859","twitter_site":"@clausbrell","twitter_misc":{"Verfasst von":"Claus Brell","Gesch\u00e4tzte Lesezeit":"9\u00a0Minuten"},"schema":{"@context":"https:\/\/schema.org","@graph":[{"@type":"Article","@id":"https:\/\/cbrell.de\/blog\/lehrpreis-2022-lehrkonzept-zur-nominierung\/#article","isPartOf":{"@id":"https:\/\/cbrell.de\/blog\/lehrpreis-2022-lehrkonzept-zur-nominierung\/"},"author":{"name":"Claus Brell","@id":"https:\/\/cbrell.de\/blog\/#\/schema\/person\/7cf529e46faf1fd7b2b6942fec254c58"},"headline":"Lehrpreis 2022 &#8211; schriftliches Lehrveranstaltungskonzept zur Nominierung","datePublished":"2022-12-18T21:58:55+00:00","mainEntityOfPage":{"@id":"https:\/\/cbrell.de\/blog\/lehrpreis-2022-lehrkonzept-zur-nominierung\/"},"wordCount":1588,"commentCount":0,"image":{"@id":"https:\/\/cbrell.de\/blog\/lehrpreis-2022-lehrkonzept-zur-nominierung\/#primaryimage"},"thumbnailUrl":"https:\/\/cbrell.de\/zaehler","keywords":["angstfrei","Heterogenit\u00e4t","Lehrpreis","ubiquit\u00e4res Lernen"],"inLanguage":"de","potentialAction":[{"@type":"CommentAction","name":"Comment","target":["https:\/\/cbrell.de\/blog\/lehrpreis-2022-lehrkonzept-zur-nominierung\/#respond"]}]},{"@type":"WebPage","@id":"https:\/\/cbrell.de\/blog\/lehrpreis-2022-lehrkonzept-zur-nominierung\/","url":"https:\/\/cbrell.de\/blog\/lehrpreis-2022-lehrkonzept-zur-nominierung\/","name":"Lehrpreis 2022 - schriftliches Lehrveranstaltungskonzept zur Nominierung","isPartOf":{"@id":"https:\/\/cbrell.de\/blog\/#website"},"primaryImageOfPage":{"@id":"https:\/\/cbrell.de\/blog\/lehrpreis-2022-lehrkonzept-zur-nominierung\/#primaryimage"},"image":{"@id":"https:\/\/cbrell.de\/blog\/lehrpreis-2022-lehrkonzept-zur-nominierung\/#primaryimage"},"thumbnailUrl":"https:\/\/cbrell.de\/zaehler","datePublished":"2022-12-18T21:58:55+00:00","author":{"@id":"https:\/\/cbrell.de\/blog\/#\/schema\/person\/7cf529e46faf1fd7b2b6942fec254c58"},"description":"Studierenden hatten meine Lehrveranstaltung \"Qualitative Methoden der WI und Gesch\u00e4ftsprozesse\" f\u00fcr den Lehrpreis 2022 vorgeschlagen.","breadcrumb":{"@id":"https:\/\/cbrell.de\/blog\/lehrpreis-2022-lehrkonzept-zur-nominierung\/#breadcrumb"},"inLanguage":"de","potentialAction":[{"@type":"ReadAction","target":["https:\/\/cbrell.de\/blog\/lehrpreis-2022-lehrkonzept-zur-nominierung\/"]}]},{"@type":"ImageObject","inLanguage":"de","@id":"https:\/\/cbrell.de\/blog\/lehrpreis-2022-lehrkonzept-zur-nominierung\/#primaryimage","url":"https:\/\/cbrell.de\/zaehler","contentUrl":"https:\/\/cbrell.de\/zaehler"},{"@type":"BreadcrumbList","@id":"https:\/\/cbrell.de\/blog\/lehrpreis-2022-lehrkonzept-zur-nominierung\/#breadcrumb","itemListElement":[{"@type":"ListItem","position":1,"name":"Startseite","item":"https:\/\/cbrell.de\/blog\/"},{"@type":"ListItem","position":2,"name":"Lehrpreis 2022 &#8211; schriftliches Lehrveranstaltungskonzept zur Nominierung"}]},{"@type":"WebSite","@id":"https:\/\/cbrell.de\/blog\/#website","url":"https:\/\/cbrell.de\/blog\/","name":"Bienen, Natur und Internet of Things","description":"Alles, was einfach ist. Von Claus Brell","potentialAction":[{"@type":"SearchAction","target":{"@type":"EntryPoint","urlTemplate":"https:\/\/cbrell.de\/blog\/?s={search_term_string}"},"query-input":{"@type":"PropertyValueSpecification","valueRequired":true,"valueName":"search_term_string"}}],"inLanguage":"de"},{"@type":"Person","@id":"https:\/\/cbrell.de\/blog\/#\/schema\/person\/7cf529e46faf1fd7b2b6942fec254c58","name":"Claus Brell","description":"Seit 2021 forsche ich an und mit Bienen (Digitalisierung der Imkerei) Seit 2012 Professur f\u00fcr Wirtschaftsinformatik an der Hochschue Niederrhein. Seit 1981 treibt mich die Frage um: Was haben Physik, Heavy Metal und Spiele miteinander zu tun? Drei m\u00f6gliche Antworten: {nichts | 42 | gleiche Hirnareale werden aktiviert}","sameAs":["http:\/\/claus-brell.de","https:\/\/x.com\/clausbrell5859","https:\/\/www.youtube.com\/@clausbrell5859"],"url":"https:\/\/cbrell.de\/blog\/author\/clausb\/"}]}},"_links":{"self":[{"href":"https:\/\/cbrell.de\/blog\/wp-json\/wp\/v2\/posts\/3125","targetHints":{"allow":["GET"]}}],"collection":[{"href":"https:\/\/cbrell.de\/blog\/wp-json\/wp\/v2\/posts"}],"about":[{"href":"https:\/\/cbrell.de\/blog\/wp-json\/wp\/v2\/types\/post"}],"author":[{"embeddable":true,"href":"https:\/\/cbrell.de\/blog\/wp-json\/wp\/v2\/users\/1"}],"replies":[{"embeddable":true,"href":"https:\/\/cbrell.de\/blog\/wp-json\/wp\/v2\/comments?post=3125"}],"version-history":[{"count":1,"href":"https:\/\/cbrell.de\/blog\/wp-json\/wp\/v2\/posts\/3125\/revisions"}],"predecessor-version":[{"id":3127,"href":"https:\/\/cbrell.de\/blog\/wp-json\/wp\/v2\/posts\/3125\/revisions\/3127"}],"wp:attachment":[{"href":"https:\/\/cbrell.de\/blog\/wp-json\/wp\/v2\/media?parent=3125"}],"wp:term":[{"taxonomy":"category","embeddable":true,"href":"https:\/\/cbrell.de\/blog\/wp-json\/wp\/v2\/categories?post=3125"},{"taxonomy":"post_tag","embeddable":true,"href":"https:\/\/cbrell.de\/blog\/wp-json\/wp\/v2\/tags?post=3125"}],"curies":[{"name":"wp","href":"https:\/\/api.w.org\/{rel}","templated":true}]}}