{"id":1273,"date":"2020-05-29T22:20:48","date_gmt":"2020-05-29T20:20:48","guid":{"rendered":"https:\/\/cbrell.de\/blog\/?p=1273"},"modified":"2021-04-28T09:18:07","modified_gmt":"2021-04-28T07:18:07","slug":"bienenvolk-ableger-adapter-deutsch-normal-auf-mini-plus","status":"publish","type":"post","link":"https:\/\/cbrell.de\/blog\/bienenvolk-ableger-adapter-deutsch-normal-auf-mini-plus\/","title":{"rendered":"Bienenvolk-Ableger mit Adapter von Deutsch-Normal auf Mini-Plus"},"content":{"rendered":"<p><em>F\u00fcr Ableger ist geeignetes Ausgangsmaterial erforderlich. Von Vereinskollegen im Imkerverein kann man es bekommen, aber vielleicht nicht im gew\u00fcnschten Rahmenma\u00df. Im Folgenden ist beschrieben, wie mit einem Adapter Brutwaben aus Deutsch-Normal einen Ableger mit dem &#8222;Zielformat&#8220; Mini-Plus f\u00fcllen. Dieser Artikel ist Teil der Serie &#8222;Imkern mit Versuch und Irrtum&#8220;.<\/em><\/p>\n<h2>Ausgangslage<\/h2>\n<h3>Warum Ableger in Mini-Plus?<\/h3>\n<p>F\u00fcr Forschungszwecke sind in 2020 mehrere Bienenvolk-Ableger in Mini-Plus erforderlich. Es sollen Ergebnisse aus 2019 (Futterknappheit erkennen durch Messung der vertikalen Temperaturschichtung, Brell (2020)) verifiziert werden.<\/p>\n<h3>Warum Mini-Plus als Zielformat?<\/h3>\n<p>Mini-Plus hat sich f\u00fcr die Untersuchung der vertikalen Temperaturschichtung in Bienenv\u00f6lkern bei der \u00dcberwinterung als vorteilhaft herausgestellt. Zudem hat Mini-Plus den Vorteil, dass viele Personen die kleinen Beuten als weniger bedrohlich empfinden als gro\u00dfe Beutenformate. Insbesondere bei der Aufstellung in Wohngebieten und in der Hochschule ist dies von Bedeutung.<\/p>\n<h3><strong>Warum Deutsch-Normal aus Ausgangsformat?<\/strong><\/h3>\n<p>F\u00fcr die Wahl von Deutsch-Normal aus Ausgangsformat gibt es drei Gr\u00fcnde:<\/p>\n<ol>\n<li>Der Autor ist Mitglied in einem gr\u00f6\u00dferen Imkerverein mit \u00fcber 80 Mitgliedern, von den viele gerne bei den Forschungsvorhaben helfen. Nur wenige imkern mit Mini-Plus, so dass ein direkter Austausch von Brutwaben erschwert ist.<\/li>\n<li>Einige innovative Vereinskollegen imkern in Deutsch-Normal und sind bereit, Brutwaben in Deutsch-Normal abzugeben.<\/li>\n<li>Deutsch-Normal ist ebenso wie Mini-Plus ein eher kleines R\u00e4hmchenma\u00df, so dass mit dem Adapter ein standstabiler &#8222;Turm&#8220; aufgebaut werden kann.<\/li>\n<\/ol>\n<h2>Ziel und Vorgehen<\/h2>\n<p>Ziel des Experiments ist es, einen Weg herauszufinden, wie mit Hilfe von Brutwaben im Rahmenma\u00df Deutsch-Normal\u00a0 ein Ableger im Zielformat Mini-Plus erstellt werden kann.<\/p>\n<p>Die Idee dabei ist, zwei Brutrahmen Deutsch-Normal auf eine mit Mittelw\u00e4nden best\u00fcckte Mini-Plus Beute aufzusetzen und abzuwarten, bis sich die Bienen die untere Zarge erschlossen haben. Sobald dies erfolgt ist und die neue K\u00f6nigin in der Mini-Plus Zellen bestiftet, werden obere und untere Zarge zun\u00e4chst durch Absperrgitter getrennt. Sobald in der oberen Zarge nur noch Futter ist, kommt eine Bienenflucht hinzu, und der brutwabenabgebende Imker bekommt als Dankesch\u00f6n zwei Futterwaben zur\u00fcck.<\/p>\n<h2>Adapter von Deutsch Normal auf MiniPlus<\/h2>\n<h3>Aufbau<\/h3>\n<p>Ein &#8222;Turm&#8220; aus einer Mini-Plus Styroporzarge auf einem Holzboden, einer einfachen Adapterplatte und einer aufgesetzten schmalen Zarge f\u00fcr drei Deutsch-Normal Rahmen soll den Ableger aufnehmen.<\/p>\n<p><a href=\"https:\/\/cbrell.de\/blog\/wp-content\/uploads\/2020\/05\/Konstruktion-Adapter-DN-auf-MP.jpg\"><img decoding=\"async\" class=\"alignnone wp-image-1279 size-large\" src=\"https:\/\/cbrell.de\/blog\/wp-content\/uploads\/2020\/05\/Konstruktion-Adapter-DN-auf-MP-1024x518.jpg\" alt=\"Konstruktion des Adapters Deutsch-Normal auf Mini-Plus\" width=\"1024\" height=\"518\" srcset=\"https:\/\/cbrell.de\/blog\/wp-content\/uploads\/2020\/05\/Konstruktion-Adapter-DN-auf-MP.jpg 1024w, https:\/\/cbrell.de\/blog\/wp-content\/uploads\/2020\/05\/Konstruktion-Adapter-DN-auf-MP-300x152.jpg 300w, https:\/\/cbrell.de\/blog\/wp-content\/uploads\/2020\/05\/Konstruktion-Adapter-DN-auf-MP-768x388.jpg 768w, https:\/\/cbrell.de\/blog\/wp-content\/uploads\/2020\/05\/Konstruktion-Adapter-DN-auf-MP-1536x777.jpg 1536w, https:\/\/cbrell.de\/blog\/wp-content\/uploads\/2020\/05\/Konstruktion-Adapter-DN-auf-MP-2048x1036.jpg 2048w\" sizes=\"(max-width: 1024px) 100vw, 1024px\" \/><\/a><\/p>\n<p>Abb. 1: Der Aufbau des Adapters<\/p>\n<h3>Material f\u00fcr den Adapter<\/h3>\n<p>F\u00fcr den Adapter wird 12mm Pappelsperrholz verwendet, weil Pappelsperrholz leicht, einfach zu verarbeiten und preiswert ist. Zudem hat Pappelsperrholz eine Oberfl\u00e4che, die die Bienen gerne mit Propolis \u00fcberziehen. F\u00fcr den Deckel kommt eine dicke OSB-Platte zum Einsatz.<\/p>\n<p><strong>St\u00fcckliste:<\/strong><\/p>\n<p><strong>Adapterplatte:<\/strong><\/p>\n<ul>\n<li>2 Brettchen 30,0 * 6,2<\/li>\n<li>2 Brettchen 40,4*8,05<\/li>\n<li>2 Leisten (1,0 *1,0) 28,0 lang<\/li>\n<li>2 Leisten (1,0*1,0) 40,8 lang<\/li>\n<\/ul>\n<p><strong>Geh\u00e4use \/ Aufsatz:<\/strong><\/p>\n<ul>\n<li>2 Brettchen (Seitenteile) 42,8 * 23,6<\/li>\n<li>2 Brettchen(Front und R\u00fcck) 22,2 * 11,1<\/li>\n<li>2 Brettchen(Au\u00dfenleiste) 11,1 * 3,0<\/li>\n<li>2 Dreiecksleisten (1,4 *1,4) 40,4 lang<\/li>\n<\/ul>\n<p>Anmerkung: die Innenbreite von 11,1 cm ist zu knapp f\u00fcr drei R\u00e4hmchen. 1 cm mehr w\u00e4re besser.<\/p>\n<p><strong>Deckel:<\/strong><\/p>\n<ul>\n<li>2 Dachlatten (2,4 * 5,0)\u00a0 14,4 lang<\/li>\n<li>2 Dachlatten (2,4 * 5,0) 48,1 lang<\/li>\n<li>OSB-Platte 48,1 * 18,8<\/li>\n<li>Styropor Platte 43,3 * 14,4<\/li>\n<li>Einlogieren der Brutwaben<\/li>\n<\/ul>\n<p>Das Geh\u00e4use f\u00fcr Deutsch-Normal fasst drei Rahmen. Ein Lehrrahmen ist mit Dachlatten so pr\u00e4pariert, dass er eine MIni-Plus Futterwabe mit Honig und Pollen aufnimmt. Daneben kommen zwei Brutwaben mit Brut jeden Alters, verdeckelter Brut und Stiften sowie aufsitzenden Bienen (Abb. 2). Dabei ist es die Herausforderung, die K\u00f6nigin nicht mit umzutopfen.<\/p>\n<p><a href=\"https:\/\/cbrell.de\/blog\/wp-content\/uploads\/2020\/05\/200527-DN-auf-MP-die-letzte-Brutwabe-kommt-in-den-Adapter_.jpg\"><img decoding=\"async\" class=\"alignnone wp-image-1280 size-large\" src=\"https:\/\/cbrell.de\/blog\/wp-content\/uploads\/2020\/05\/200527-DN-auf-MP-die-letzte-Brutwabe-kommt-in-den-Adapter_-1024x768.jpg\" alt=\"Die letzte Brutwabe kommt in den Adapter Deutsch-Normal auf Mini-Plus\" width=\"1024\" height=\"768\" srcset=\"https:\/\/cbrell.de\/blog\/wp-content\/uploads\/2020\/05\/200527-DN-auf-MP-die-letzte-Brutwabe-kommt-in-den-Adapter_.jpg 1024w, https:\/\/cbrell.de\/blog\/wp-content\/uploads\/2020\/05\/200527-DN-auf-MP-die-letzte-Brutwabe-kommt-in-den-Adapter_-300x225.jpg 300w, https:\/\/cbrell.de\/blog\/wp-content\/uploads\/2020\/05\/200527-DN-auf-MP-die-letzte-Brutwabe-kommt-in-den-Adapter_-768x576.jpg 768w, https:\/\/cbrell.de\/blog\/wp-content\/uploads\/2020\/05\/200527-DN-auf-MP-die-letzte-Brutwabe-kommt-in-den-Adapter_-1536x1152.jpg 1536w\" sizes=\"(max-width: 1024px) 100vw, 1024px\" \/><\/a><\/p>\n<p><em>Abb. 2: Best\u00fcckung der 3er DN Zarge mit Brutwaben<\/em><\/p>\n<p>Die unter dem Adapter liegende Mini-Plus Zarge wird mit drei Rahmen mit Anfangsstreifen, einem Rahmen mit halber Mittelwand und einer Futtertasche best\u00fcckt. In die Futtertasche kommen 250 g Puderzucker (vgl. van den Bongard (2009). In Vorexperimenten hat sich gezeigt, dass die Bienen den Puderzucker gerne und innerhalb von 5 Tagen abnehmen. Offensichtlch gen\u00fcgt die durch Temperaturwechsel bedingte Kondensationsfeuchte, um den Puderzucker oberfl\u00e4chlich aufnahmef\u00e4hig zu machen.<\/p>\n<p>Am Standplatz steht der neue Ableger nun neben einem bereits \u00e4lteren Ableger (Abb. 3).<\/p>\n<p><em><a href=\"https:\/\/cbrell.de\/blog\/wp-content\/uploads\/2020\/05\/200527-DN-auf-MP-fertig-am-Standort_.jpg\"><img decoding=\"async\" class=\"alignnone wp-image-1278 size-large\" src=\"https:\/\/cbrell.de\/blog\/wp-content\/uploads\/2020\/05\/200527-DN-auf-MP-fertig-am-Standort_-1024x768.jpg\" alt=\"\" width=\"1024\" height=\"768\" srcset=\"https:\/\/cbrell.de\/blog\/wp-content\/uploads\/2020\/05\/200527-DN-auf-MP-fertig-am-Standort_.jpg 1024w, https:\/\/cbrell.de\/blog\/wp-content\/uploads\/2020\/05\/200527-DN-auf-MP-fertig-am-Standort_-300x225.jpg 300w, https:\/\/cbrell.de\/blog\/wp-content\/uploads\/2020\/05\/200527-DN-auf-MP-fertig-am-Standort_-768x576.jpg 768w, https:\/\/cbrell.de\/blog\/wp-content\/uploads\/2020\/05\/200527-DN-auf-MP-fertig-am-Standort_-1536x1152.jpg 1536w\" sizes=\"(max-width: 1024px) 100vw, 1024px\" \/><\/a><\/em><\/p>\n<p><em>Abb. : Der neue Ableger steht am Standplatz\u00a0<\/em><\/p>\n<h2>Zwischenergebnisse<\/h2>\n<h3>Stand 29.05.2020<\/h3>\n<p>Noch ist nicht klar, ob das Experiment gelingen wird.<\/p>\n<h3>Stand 03.06.2020<\/h3>\n<p>Die Bienen haben etwa die h\u00e4lfte des Puderzuckers abgenommen. Oben in &#8222;DN-Teil&#8220; wurden die drei R\u00e4hmchen miteinander verbaut. Auch bei einer Kippkontrolle konnten nicht festgestellt werden, ob die Bienen Weiselzellen angelegt haben. Unten im &#8222;MP-Teil&#8220; wurde noch nichts ausgebaut.<\/p>\n<p>Die Einlage zeigt Wachs und Pollen sowie herausgelaufenen Honig aus der Futterwabe.<\/p>\n<p>Von au\u00dfen ist Flugbetrieb zu sehen, die Bienen tragen auch etwas orangenen Pollen ein.<\/p>\n<p><a href=\"https:\/\/cbrell.de\/blog\/wp-content\/uploads\/2020\/05\/200603-B2008-ableger-DN-auf-MP-oben-geoeffnet-scaled.jpg\"><img decoding=\"async\" class=\"alignnone wp-image-1314 size-large\" src=\"https:\/\/cbrell.de\/blog\/wp-content\/uploads\/2020\/05\/200603-B2008-ableger-DN-auf-MP-oben-geoeffnet-768x1024.jpg\" alt=\"Ableger von DN auf Mini Plus ge\u00f6ffnet\" width=\"768\" height=\"1024\" srcset=\"https:\/\/cbrell.de\/blog\/wp-content\/uploads\/2020\/05\/200603-B2008-ableger-DN-auf-MP-oben-geoeffnet-scaled.jpg 768w, https:\/\/cbrell.de\/blog\/wp-content\/uploads\/2020\/05\/200603-B2008-ableger-DN-auf-MP-oben-geoeffnet-225x300.jpg 225w, https:\/\/cbrell.de\/blog\/wp-content\/uploads\/2020\/05\/200603-B2008-ableger-DN-auf-MP-oben-geoeffnet-1152x1536.jpg 1152w, https:\/\/cbrell.de\/blog\/wp-content\/uploads\/2020\/05\/200603-B2008-ableger-DN-auf-MP-oben-geoeffnet-1536x2048.jpg 1536w\" sizes=\"(max-width: 768px) 100vw, 768px\" \/><\/a><\/p>\n<p>Abb. : ge\u00f6ffneter Ableger<\/p>\n<p><a href=\"https:\/\/cbrell.de\/blog\/wp-content\/uploads\/2020\/05\/200603-B2008-kippkontrolle-des-DN-aufsatzes-scaled.jpg\"><img decoding=\"async\" class=\"alignnone wp-image-1315 size-large\" src=\"https:\/\/cbrell.de\/blog\/wp-content\/uploads\/2020\/05\/200603-B2008-kippkontrolle-des-DN-aufsatzes-768x1024.jpg\" alt=\"Kippkontrolle\" width=\"768\" height=\"1024\" srcset=\"https:\/\/cbrell.de\/blog\/wp-content\/uploads\/2020\/05\/200603-B2008-kippkontrolle-des-DN-aufsatzes-scaled.jpg 768w, https:\/\/cbrell.de\/blog\/wp-content\/uploads\/2020\/05\/200603-B2008-kippkontrolle-des-DN-aufsatzes-225x300.jpg 225w, https:\/\/cbrell.de\/blog\/wp-content\/uploads\/2020\/05\/200603-B2008-kippkontrolle-des-DN-aufsatzes-1152x1536.jpg 1152w, https:\/\/cbrell.de\/blog\/wp-content\/uploads\/2020\/05\/200603-B2008-kippkontrolle-des-DN-aufsatzes-1536x2048.jpg 1536w\" sizes=\"(max-width: 768px) 100vw, 768px\" \/><\/a><\/p>\n<p>Abb. : Kippkontrolle des DN-Aufsatzes<\/p>\n<p>Ein kurzes Video vom Flugbetrieb<\/p>\n<p><iframe title=\"Ableger Deutsch-Normal auf Mini-Plus Flugbetrieb 200603\" width=\"1778\" height=\"1000\" src=\"https:\/\/www.youtube.com\/embed\/ZlW0lpNlZTY?feature=oembed\" frameborder=\"0\" allow=\"accelerometer; autoplay; clipboard-write; encrypted-media; gyroscope; picture-in-picture\" allowfullscreen><\/iframe><\/p>\n<p>Seit dem 17.06.2020 ist ein zweiter Adapter in Betrieb. Der DN-Aufsatz wurde um 1 cm verbreitert, um besser mit drei DN-Rahmen arbeiten zu k\u00f6nnen. Daf\u00fcr wurde auf den beespace oben verzichtet, um die Bewegungsm\u00f6glichkeiten f\u00fcr eine K\u00f6nigin einzuschr\u00e4nken.<\/p>\n<p>Update 04.2021: Auch mit viel zureden ist es nicht gelungen, die Bienen zu einem Ausbau der untergesetzten Mini-Plus zu bewegen. Dazu sehe ich zwei Erkl\u00e4rungsans\u00e4tze:<br \/>\na) Die V\u00f6lkchen auf drei DN-Rahmen waren zu schwach gew\u00e4hlt.<br \/>\nb) Es ist grunds\u00e4tzlich ung\u00fcnstig, bei einem schwachen Ableger einen gro\u00dfen Raum unterzusetzen, wenn es in der N\u00e4he auch st\u00e4rkere V\u00f6lker gibt (stille R\u00e4uberei kann nicht ausgeschlossen werden).<\/p>\n<h2>Quellen<\/h2>\n<ol>\n<li>Brell, Claus (2020) Genug Futter im Stock? &#8211; Temperaturmessung zeigt`s an. In: bienen&amp;natur 03.2019, M\u00fcnchen. S. 36-37.<\/li>\n<li>van den Bongard, Johann (2009) <em>Meine Betriebsweise mit der modifizierten Dadant Beute<\/em><\/li>\n<li>Weitere Teile der Serie &#8222;Imkern mit Versuch und Irrtum&#8220;:<br \/>\n<a href=\"https:\/\/cbrell.de\/blog\/weiselzelle-im-honigraum\/\">Weiselzelle im Honigraum<\/a><\/li>\n<\/ol>\n<p><img decoding=\"async\" src=\"https:\/\/cbrell.de\/zaehler?x=7316\" \/><\/p>\n<div class=\"shariff shariff-align-flex-start shariff-widget-align-flex-start\" data-services=\"facebook\" data-url=\"https%3A%2F%2Fcbrell.de%2Fblog%2Fbienenvolk-ableger-adapter-deutsch-normal-auf-mini-plus%2F\" data-timestamp=\"1619601487\" data-backendurl=\"https:\/\/cbrell.de\/blog\/wp-json\/shariff\/v1\/share_counts?\"><div class=\"ShariffHeadline\">Teile diesen Beitrag.<\/div><ul class=\"shariff-buttons theme-round orientation-horizontal buttonsize-medium\"><li class=\"shariff-button twitter shariff-nocustomcolor\" style=\"background-color:#32bbf5\"><a href=\"https:\/\/twitter.com\/share?url=https%3A%2F%2Fcbrell.de%2Fblog%2Fbienenvolk-ableger-adapter-deutsch-normal-auf-mini-plus%2F&text=Bienenvolk-Ableger%20mit%20Adapter%20von%20Deutsch-Normal%20auf%20Mini-Plus\" title=\"Bei Twitter teilen\" aria-label=\"Bei Twitter teilen\" role=\"button\" rel=\"noopener nofollow\" class=\"shariff-link\" style=\"; background-color:#55acee; color:#fff\" target=\"_blank\"><span class=\"shariff-icon\" style=\"\"><svg width=\"32px\" height=\"20px\" xmlns=\"http:\/\/www.w3.org\/2000\/svg\" viewBox=\"0 0 30 32\"><path fill=\"#55acee\" d=\"M29.7 6.8q-1.2 1.8-3 3.1 0 0.3 0 0.8 0 2.5-0.7 4.9t-2.2 4.7-3.5 4-4.9 2.8-6.1 1q-5.1 0-9.3-2.7 0.6 0.1 1.5 0.1 4.3 0 7.6-2.6-2-0.1-3.5-1.2t-2.2-3q0.6 0.1 1.1 0.1 0.8 0 1.6-0.2-2.1-0.4-3.5-2.1t-1.4-3.9v-0.1q1.3 0.7 2.8 0.8-1.2-0.8-2-2.2t-0.7-2.9q0-1.7 0.8-3.1 2.3 2.8 5.5 4.5t7 1.9q-0.2-0.7-0.2-1.4 0-2.5 1.8-4.3t4.3-1.8q2.7 0 4.5 1.9 2.1-0.4 3.9-1.5-0.7 2.2-2.7 3.4 1.8-0.2 3.5-0.9z\"\/><\/svg><\/span><\/a><\/li><li class=\"shariff-button facebook shariff-nocustomcolor\" style=\"background-color:#4273c8\"><a href=\"https:\/\/www.facebook.com\/sharer\/sharer.php?u=https%3A%2F%2Fcbrell.de%2Fblog%2Fbienenvolk-ableger-adapter-deutsch-normal-auf-mini-plus%2F\" title=\"Bei Facebook teilen\" aria-label=\"Bei Facebook teilen\" role=\"button\" rel=\"nofollow\" class=\"shariff-link\" style=\"; background-color:#3b5998; color:#fff\" target=\"_blank\"><span class=\"shariff-icon\" style=\"\"><svg width=\"32px\" height=\"20px\" xmlns=\"http:\/\/www.w3.org\/2000\/svg\" viewBox=\"0 0 18 32\"><path fill=\"#3b5998\" d=\"M17.1 0.2v4.7h-2.8q-1.5 0-2.1 0.6t-0.5 1.9v3.4h5.2l-0.7 5.3h-4.5v13.6h-5.5v-13.6h-4.5v-5.3h4.5v-3.9q0-3.3 1.9-5.2t5-1.8q2.6 0 4.1 0.2z\"\/><\/svg><\/span><\/a><\/li><li class=\"shariff-button linkedin shariff-nocustomcolor\" style=\"background-color:#1488bf\"><a href=\"https:\/\/www.linkedin.com\/sharing\/share-offsite\/?url=https%3A%2F%2Fcbrell.de%2Fblog%2Fbienenvolk-ableger-adapter-deutsch-normal-auf-mini-plus%2F\" title=\"Bei LinkedIn teilen\" aria-label=\"Bei LinkedIn teilen\" role=\"button\" rel=\"noopener nofollow\" class=\"shariff-link\" style=\"; background-color:#0077b5; color:#fff\" target=\"_blank\"><span class=\"shariff-icon\" style=\"\"><svg width=\"32px\" height=\"20px\" xmlns=\"http:\/\/www.w3.org\/2000\/svg\" viewBox=\"0 0 27 32\"><path fill=\"#0077b5\" d=\"M6.2 11.2v17.7h-5.9v-17.7h5.9zM6.6 5.7q0 1.3-0.9 2.2t-2.4 0.9h0q-1.5 0-2.4-0.9t-0.9-2.2 0.9-2.2 2.4-0.9 2.4 0.9 0.9 2.2zM27.4 18.7v10.1h-5.9v-9.5q0-1.9-0.7-2.9t-2.3-1.1q-1.1 0-1.9 0.6t-1.2 1.5q-0.2 0.5-0.2 1.4v9.9h-5.9q0-7.1 0-11.6t0-5.3l0-0.9h5.9v2.6h0q0.4-0.6 0.7-1t1-0.9 1.6-0.8 2-0.3q3 0 4.9 2t1.9 6z\"\/><\/svg><\/span><\/a><\/li><\/ul><\/div>","protected":false},"excerpt":{"rendered":"<p>F\u00fcr Ableger ist geeignetes Ausgangsmaterial erforderlich. Von Vereinskollegen im Imkerverein kann man es bekommen, aber vielleicht nicht im gew\u00fcnschten Rahmenma\u00df. Im Folgenden ist beschrieben, wie mit einem Adapter Brutwaben aus &#8230;<\/p>\n","protected":false},"author":1,"featured_media":1286,"comment_status":"open","ping_status":"open","sticky":false,"template":"","format":"standard","meta":{"footnotes":""},"categories":[238,190,92],"tags":[159,343,183,342,344,278],"class_list":["post-1273","post","type-post","status-publish","format-standard","has-post-thumbnail","hentry","category-bienen","category-honigbienen","category-naturbeobachtung-und-naturschutz","tag-ableger","tag-adapter","tag-bienen","tag-deutsch-normal","tag-honigbienen","tag-mini-plus"],"yoast_head":"<!-- This site is optimized with the Yoast SEO plugin v27.5 - https:\/\/yoast.com\/product\/yoast-seo-wordpress\/ -->\n<title>Bienenvolk-Ableger mit Adapter von Deutsch-Normal auf Mini-Plus<\/title>\n<meta name=\"description\" content=\"Brutwaben aus Deutsch-Normal ein Ableger mit dem &quot;Zielformat&quot; Mini-Plus erstellen, das geht mit einem einfachen Adapter aus Pappelsperrholz.\" \/>\n<meta name=\"robots\" content=\"index, follow, max-snippet:-1, max-image-preview:large, max-video-preview:-1\" \/>\n<link rel=\"canonical\" href=\"https:\/\/cbrell.de\/blog\/bienenvolk-ableger-adapter-deutsch-normal-auf-mini-plus\/\" \/>\n<meta property=\"og:locale\" content=\"de_DE\" \/>\n<meta property=\"og:type\" content=\"article\" \/>\n<meta property=\"og:title\" content=\"Bienenvolk-Ableger mit Adapter von Deutsch-Normal auf Mini-Plus\" \/>\n<meta property=\"og:description\" content=\"Brutwaben aus Deutsch-Normal ein Ableger mit dem &quot;Zielformat&quot; Mini-Plus erstellen, das geht mit einem einfachen Adapter aus Pappelsperrholz.\" \/>\n<meta property=\"og:url\" content=\"https:\/\/cbrell.de\/blog\/bienenvolk-ableger-adapter-deutsch-normal-auf-mini-plus\/\" \/>\n<meta property=\"og:site_name\" content=\"Bienen, Natur und Internet of Things\" \/>\n<meta property=\"article:published_time\" content=\"2020-05-29T20:20:48+00:00\" \/>\n<meta property=\"article:modified_time\" content=\"2021-04-28T07:18:07+00:00\" \/>\n<meta property=\"og:image\" content=\"https:\/\/cbrell.de\/blog\/wp-content\/uploads\/2020\/05\/200527-DN-auf-MP-Gesamtsicht.jpg\" \/>\n\t<meta property=\"og:image:width\" content=\"768\" \/>\n\t<meta property=\"og:image:height\" content=\"1024\" \/>\n\t<meta property=\"og:image:type\" content=\"image\/jpeg\" \/>\n<meta name=\"author\" content=\"Claus Brell\" \/>\n<meta name=\"twitter:card\" content=\"summary_large_image\" \/>\n<meta name=\"twitter:creator\" content=\"@clausbrell5859\" \/>\n<meta name=\"twitter:site\" content=\"@clausbrell\" \/>\n<meta name=\"twitter:label1\" content=\"Verfasst von\" \/>\n\t<meta name=\"twitter:data1\" content=\"Claus Brell\" \/>\n\t<meta name=\"twitter:label2\" content=\"Gesch\u00e4tzte Lesezeit\" \/>\n\t<meta name=\"twitter:data2\" content=\"5\u00a0Minuten\" \/>\n<script type=\"application\/ld+json\" class=\"yoast-schema-graph\">{\"@context\":\"https:\\\/\\\/schema.org\",\"@graph\":[{\"@type\":\"Article\",\"@id\":\"https:\\\/\\\/cbrell.de\\\/blog\\\/bienenvolk-ableger-adapter-deutsch-normal-auf-mini-plus\\\/#article\",\"isPartOf\":{\"@id\":\"https:\\\/\\\/cbrell.de\\\/blog\\\/bienenvolk-ableger-adapter-deutsch-normal-auf-mini-plus\\\/\"},\"author\":{\"name\":\"Claus Brell\",\"@id\":\"https:\\\/\\\/cbrell.de\\\/blog\\\/#\\\/schema\\\/person\\\/7cf529e46faf1fd7b2b6942fec254c58\"},\"headline\":\"Bienenvolk-Ableger mit Adapter von Deutsch-Normal auf Mini-Plus\",\"datePublished\":\"2020-05-29T20:20:48+00:00\",\"dateModified\":\"2021-04-28T07:18:07+00:00\",\"mainEntityOfPage\":{\"@id\":\"https:\\\/\\\/cbrell.de\\\/blog\\\/bienenvolk-ableger-adapter-deutsch-normal-auf-mini-plus\\\/\"},\"wordCount\":874,\"commentCount\":3,\"image\":{\"@id\":\"https:\\\/\\\/cbrell.de\\\/blog\\\/bienenvolk-ableger-adapter-deutsch-normal-auf-mini-plus\\\/#primaryimage\"},\"thumbnailUrl\":\"https:\\\/\\\/cbrell.de\\\/blog\\\/wp-content\\\/uploads\\\/2020\\\/05\\\/200527-DN-auf-MP-Gesamtsicht.jpg\",\"keywords\":[\"Ableger\",\"Adapter\",\"Bienen\",\"Deutsch-Normal\",\"Honigbienen\",\"Mini-Plus\"],\"articleSection\":[\"Bienen\",\"Honigbienen\",\"Naturbeobachtung und Naturschutz\"],\"inLanguage\":\"de\",\"potentialAction\":[{\"@type\":\"CommentAction\",\"name\":\"Comment\",\"target\":[\"https:\\\/\\\/cbrell.de\\\/blog\\\/bienenvolk-ableger-adapter-deutsch-normal-auf-mini-plus\\\/#respond\"]}]},{\"@type\":\"WebPage\",\"@id\":\"https:\\\/\\\/cbrell.de\\\/blog\\\/bienenvolk-ableger-adapter-deutsch-normal-auf-mini-plus\\\/\",\"url\":\"https:\\\/\\\/cbrell.de\\\/blog\\\/bienenvolk-ableger-adapter-deutsch-normal-auf-mini-plus\\\/\",\"name\":\"Bienenvolk-Ableger mit Adapter von Deutsch-Normal auf Mini-Plus\",\"isPartOf\":{\"@id\":\"https:\\\/\\\/cbrell.de\\\/blog\\\/#website\"},\"primaryImageOfPage\":{\"@id\":\"https:\\\/\\\/cbrell.de\\\/blog\\\/bienenvolk-ableger-adapter-deutsch-normal-auf-mini-plus\\\/#primaryimage\"},\"image\":{\"@id\":\"https:\\\/\\\/cbrell.de\\\/blog\\\/bienenvolk-ableger-adapter-deutsch-normal-auf-mini-plus\\\/#primaryimage\"},\"thumbnailUrl\":\"https:\\\/\\\/cbrell.de\\\/blog\\\/wp-content\\\/uploads\\\/2020\\\/05\\\/200527-DN-auf-MP-Gesamtsicht.jpg\",\"datePublished\":\"2020-05-29T20:20:48+00:00\",\"dateModified\":\"2021-04-28T07:18:07+00:00\",\"author\":{\"@id\":\"https:\\\/\\\/cbrell.de\\\/blog\\\/#\\\/schema\\\/person\\\/7cf529e46faf1fd7b2b6942fec254c58\"},\"description\":\"Brutwaben aus Deutsch-Normal ein Ableger mit dem \\\"Zielformat\\\" Mini-Plus erstellen, das geht mit einem einfachen Adapter aus Pappelsperrholz.\",\"breadcrumb\":{\"@id\":\"https:\\\/\\\/cbrell.de\\\/blog\\\/bienenvolk-ableger-adapter-deutsch-normal-auf-mini-plus\\\/#breadcrumb\"},\"inLanguage\":\"de\",\"potentialAction\":[{\"@type\":\"ReadAction\",\"target\":[\"https:\\\/\\\/cbrell.de\\\/blog\\\/bienenvolk-ableger-adapter-deutsch-normal-auf-mini-plus\\\/\"]}]},{\"@type\":\"ImageObject\",\"inLanguage\":\"de\",\"@id\":\"https:\\\/\\\/cbrell.de\\\/blog\\\/bienenvolk-ableger-adapter-deutsch-normal-auf-mini-plus\\\/#primaryimage\",\"url\":\"https:\\\/\\\/cbrell.de\\\/blog\\\/wp-content\\\/uploads\\\/2020\\\/05\\\/200527-DN-auf-MP-Gesamtsicht.jpg\",\"contentUrl\":\"https:\\\/\\\/cbrell.de\\\/blog\\\/wp-content\\\/uploads\\\/2020\\\/05\\\/200527-DN-auf-MP-Gesamtsicht.jpg\",\"width\":768,\"height\":1024,\"caption\":\"Deutsch Normal auf Mini Plus\"},{\"@type\":\"BreadcrumbList\",\"@id\":\"https:\\\/\\\/cbrell.de\\\/blog\\\/bienenvolk-ableger-adapter-deutsch-normal-auf-mini-plus\\\/#breadcrumb\",\"itemListElement\":[{\"@type\":\"ListItem\",\"position\":1,\"name\":\"Startseite\",\"item\":\"https:\\\/\\\/cbrell.de\\\/blog\\\/\"},{\"@type\":\"ListItem\",\"position\":2,\"name\":\"Bienenvolk-Ableger mit Adapter von Deutsch-Normal auf Mini-Plus\"}]},{\"@type\":\"WebSite\",\"@id\":\"https:\\\/\\\/cbrell.de\\\/blog\\\/#website\",\"url\":\"https:\\\/\\\/cbrell.de\\\/blog\\\/\",\"name\":\"Bienen, Natur und Internet of Things\",\"description\":\"Alles, was einfach ist. Von Claus Brell\",\"potentialAction\":[{\"@type\":\"SearchAction\",\"target\":{\"@type\":\"EntryPoint\",\"urlTemplate\":\"https:\\\/\\\/cbrell.de\\\/blog\\\/?s={search_term_string}\"},\"query-input\":{\"@type\":\"PropertyValueSpecification\",\"valueRequired\":true,\"valueName\":\"search_term_string\"}}],\"inLanguage\":\"de\"},{\"@type\":\"Person\",\"@id\":\"https:\\\/\\\/cbrell.de\\\/blog\\\/#\\\/schema\\\/person\\\/7cf529e46faf1fd7b2b6942fec254c58\",\"name\":\"Claus Brell\",\"description\":\"Seit 2021 forsche ich an und mit Bienen (Digitalisierung der Imkerei) Seit 2012 Professur f\u00fcr Wirtschaftsinformatik an der Hochschue Niederrhein. Seit 1981 treibt mich die Frage um: Was haben Physik, Heavy Metal und Spiele miteinander zu tun? Drei m\u00f6gliche Antworten: {nichts | 42 | gleiche Hirnareale werden aktiviert}\",\"sameAs\":[\"http:\\\/\\\/claus-brell.de\",\"https:\\\/\\\/x.com\\\/clausbrell5859\",\"https:\\\/\\\/www.youtube.com\\\/@clausbrell5859\"],\"url\":\"https:\\\/\\\/cbrell.de\\\/blog\\\/author\\\/clausb\\\/\"}]}<\/script>\n<!-- \/ Yoast SEO plugin. -->","yoast_head_json":{"title":"Bienenvolk-Ableger mit Adapter von Deutsch-Normal auf Mini-Plus","description":"Brutwaben aus Deutsch-Normal ein Ableger mit dem \"Zielformat\" Mini-Plus erstellen, das geht mit einem einfachen Adapter aus Pappelsperrholz.","robots":{"index":"index","follow":"follow","max-snippet":"max-snippet:-1","max-image-preview":"max-image-preview:large","max-video-preview":"max-video-preview:-1"},"canonical":"https:\/\/cbrell.de\/blog\/bienenvolk-ableger-adapter-deutsch-normal-auf-mini-plus\/","og_locale":"de_DE","og_type":"article","og_title":"Bienenvolk-Ableger mit Adapter von Deutsch-Normal auf Mini-Plus","og_description":"Brutwaben aus Deutsch-Normal ein Ableger mit dem \"Zielformat\" Mini-Plus erstellen, das geht mit einem einfachen Adapter aus Pappelsperrholz.","og_url":"https:\/\/cbrell.de\/blog\/bienenvolk-ableger-adapter-deutsch-normal-auf-mini-plus\/","og_site_name":"Bienen, Natur und Internet of Things","article_published_time":"2020-05-29T20:20:48+00:00","article_modified_time":"2021-04-28T07:18:07+00:00","og_image":[{"width":768,"height":1024,"url":"https:\/\/cbrell.de\/blog\/wp-content\/uploads\/2020\/05\/200527-DN-auf-MP-Gesamtsicht.jpg","type":"image\/jpeg"}],"author":"Claus Brell","twitter_card":"summary_large_image","twitter_creator":"@clausbrell5859","twitter_site":"@clausbrell","twitter_misc":{"Verfasst von":"Claus Brell","Gesch\u00e4tzte Lesezeit":"5\u00a0Minuten"},"schema":{"@context":"https:\/\/schema.org","@graph":[{"@type":"Article","@id":"https:\/\/cbrell.de\/blog\/bienenvolk-ableger-adapter-deutsch-normal-auf-mini-plus\/#article","isPartOf":{"@id":"https:\/\/cbrell.de\/blog\/bienenvolk-ableger-adapter-deutsch-normal-auf-mini-plus\/"},"author":{"name":"Claus Brell","@id":"https:\/\/cbrell.de\/blog\/#\/schema\/person\/7cf529e46faf1fd7b2b6942fec254c58"},"headline":"Bienenvolk-Ableger mit Adapter von Deutsch-Normal auf Mini-Plus","datePublished":"2020-05-29T20:20:48+00:00","dateModified":"2021-04-28T07:18:07+00:00","mainEntityOfPage":{"@id":"https:\/\/cbrell.de\/blog\/bienenvolk-ableger-adapter-deutsch-normal-auf-mini-plus\/"},"wordCount":874,"commentCount":3,"image":{"@id":"https:\/\/cbrell.de\/blog\/bienenvolk-ableger-adapter-deutsch-normal-auf-mini-plus\/#primaryimage"},"thumbnailUrl":"https:\/\/cbrell.de\/blog\/wp-content\/uploads\/2020\/05\/200527-DN-auf-MP-Gesamtsicht.jpg","keywords":["Ableger","Adapter","Bienen","Deutsch-Normal","Honigbienen","Mini-Plus"],"articleSection":["Bienen","Honigbienen","Naturbeobachtung und Naturschutz"],"inLanguage":"de","potentialAction":[{"@type":"CommentAction","name":"Comment","target":["https:\/\/cbrell.de\/blog\/bienenvolk-ableger-adapter-deutsch-normal-auf-mini-plus\/#respond"]}]},{"@type":"WebPage","@id":"https:\/\/cbrell.de\/blog\/bienenvolk-ableger-adapter-deutsch-normal-auf-mini-plus\/","url":"https:\/\/cbrell.de\/blog\/bienenvolk-ableger-adapter-deutsch-normal-auf-mini-plus\/","name":"Bienenvolk-Ableger mit Adapter von Deutsch-Normal auf Mini-Plus","isPartOf":{"@id":"https:\/\/cbrell.de\/blog\/#website"},"primaryImageOfPage":{"@id":"https:\/\/cbrell.de\/blog\/bienenvolk-ableger-adapter-deutsch-normal-auf-mini-plus\/#primaryimage"},"image":{"@id":"https:\/\/cbrell.de\/blog\/bienenvolk-ableger-adapter-deutsch-normal-auf-mini-plus\/#primaryimage"},"thumbnailUrl":"https:\/\/cbrell.de\/blog\/wp-content\/uploads\/2020\/05\/200527-DN-auf-MP-Gesamtsicht.jpg","datePublished":"2020-05-29T20:20:48+00:00","dateModified":"2021-04-28T07:18:07+00:00","author":{"@id":"https:\/\/cbrell.de\/blog\/#\/schema\/person\/7cf529e46faf1fd7b2b6942fec254c58"},"description":"Brutwaben aus Deutsch-Normal ein Ableger mit dem \"Zielformat\" Mini-Plus erstellen, das geht mit einem einfachen Adapter aus Pappelsperrholz.","breadcrumb":{"@id":"https:\/\/cbrell.de\/blog\/bienenvolk-ableger-adapter-deutsch-normal-auf-mini-plus\/#breadcrumb"},"inLanguage":"de","potentialAction":[{"@type":"ReadAction","target":["https:\/\/cbrell.de\/blog\/bienenvolk-ableger-adapter-deutsch-normal-auf-mini-plus\/"]}]},{"@type":"ImageObject","inLanguage":"de","@id":"https:\/\/cbrell.de\/blog\/bienenvolk-ableger-adapter-deutsch-normal-auf-mini-plus\/#primaryimage","url":"https:\/\/cbrell.de\/blog\/wp-content\/uploads\/2020\/05\/200527-DN-auf-MP-Gesamtsicht.jpg","contentUrl":"https:\/\/cbrell.de\/blog\/wp-content\/uploads\/2020\/05\/200527-DN-auf-MP-Gesamtsicht.jpg","width":768,"height":1024,"caption":"Deutsch Normal auf Mini Plus"},{"@type":"BreadcrumbList","@id":"https:\/\/cbrell.de\/blog\/bienenvolk-ableger-adapter-deutsch-normal-auf-mini-plus\/#breadcrumb","itemListElement":[{"@type":"ListItem","position":1,"name":"Startseite","item":"https:\/\/cbrell.de\/blog\/"},{"@type":"ListItem","position":2,"name":"Bienenvolk-Ableger mit Adapter von Deutsch-Normal auf Mini-Plus"}]},{"@type":"WebSite","@id":"https:\/\/cbrell.de\/blog\/#website","url":"https:\/\/cbrell.de\/blog\/","name":"Bienen, Natur und Internet of Things","description":"Alles, was einfach ist. Von Claus Brell","potentialAction":[{"@type":"SearchAction","target":{"@type":"EntryPoint","urlTemplate":"https:\/\/cbrell.de\/blog\/?s={search_term_string}"},"query-input":{"@type":"PropertyValueSpecification","valueRequired":true,"valueName":"search_term_string"}}],"inLanguage":"de"},{"@type":"Person","@id":"https:\/\/cbrell.de\/blog\/#\/schema\/person\/7cf529e46faf1fd7b2b6942fec254c58","name":"Claus Brell","description":"Seit 2021 forsche ich an und mit Bienen (Digitalisierung der Imkerei) Seit 2012 Professur f\u00fcr Wirtschaftsinformatik an der Hochschue Niederrhein. Seit 1981 treibt mich die Frage um: Was haben Physik, Heavy Metal und Spiele miteinander zu tun? Drei m\u00f6gliche Antworten: {nichts | 42 | gleiche Hirnareale werden aktiviert}","sameAs":["http:\/\/claus-brell.de","https:\/\/x.com\/clausbrell5859","https:\/\/www.youtube.com\/@clausbrell5859"],"url":"https:\/\/cbrell.de\/blog\/author\/clausb\/"}]}},"_links":{"self":[{"href":"https:\/\/cbrell.de\/blog\/wp-json\/wp\/v2\/posts\/1273","targetHints":{"allow":["GET"]}}],"collection":[{"href":"https:\/\/cbrell.de\/blog\/wp-json\/wp\/v2\/posts"}],"about":[{"href":"https:\/\/cbrell.de\/blog\/wp-json\/wp\/v2\/types\/post"}],"author":[{"embeddable":true,"href":"https:\/\/cbrell.de\/blog\/wp-json\/wp\/v2\/users\/1"}],"replies":[{"embeddable":true,"href":"https:\/\/cbrell.de\/blog\/wp-json\/wp\/v2\/comments?post=1273"}],"version-history":[{"count":2,"href":"https:\/\/cbrell.de\/blog\/wp-json\/wp\/v2\/posts\/1273\/revisions"}],"predecessor-version":[{"id":1828,"href":"https:\/\/cbrell.de\/blog\/wp-json\/wp\/v2\/posts\/1273\/revisions\/1828"}],"wp:featuredmedia":[{"embeddable":true,"href":"https:\/\/cbrell.de\/blog\/wp-json\/wp\/v2\/media\/1286"}],"wp:attachment":[{"href":"https:\/\/cbrell.de\/blog\/wp-json\/wp\/v2\/media?parent=1273"}],"wp:term":[{"taxonomy":"category","embeddable":true,"href":"https:\/\/cbrell.de\/blog\/wp-json\/wp\/v2\/categories?post=1273"},{"taxonomy":"post_tag","embeddable":true,"href":"https:\/\/cbrell.de\/blog\/wp-json\/wp\/v2\/tags?post=1273"}],"curies":[{"name":"wp","href":"https:\/\/api.w.org\/{rel}","templated":true}]}}